{"id":1938,"date":"2026-09-04T15:05:29","date_gmt":"2026-09-04T14:05:29","guid":{"rendered":"https:\/\/blogs.uao.es\/publicidad-rrpp\/?p=1938"},"modified":"2026-09-04T15:05:29","modified_gmt":"2026-09-04T14:05:29","slug":"diana-salazar-y-ana-sofia-sierra-en-la-otra-historia-de-la-publicidad","status":"publish","type":"post","link":"https:\/\/blogs.uao.es\/publicidad-rrpp\/2026\/09\/04\/diana-salazar-y-ana-sofia-sierra-en-la-otra-historia-de-la-publicidad\/","title":{"rendered":"Diana Salazar y Ana Sof\u00eda Sierra en La otra historia de la publicidad"},"content":{"rendered":"<h1 style=\"text-align: justify\" data-section-id=\"1cj18oh\" data-start=\"204\" data-end=\"307\"><span role=\"text\">Diana Salazar y Ana Sof\u00eda Sierra: el trabajo detr\u00e1s del dise\u00f1o de <em data-start=\"272\" data-end=\"307\">La otra historia de la publicidad<\/em><\/span><\/h1>\n<p style=\"text-align: justify\" data-start=\"309\" data-end=\"580\"><strong data-start=\"309\" data-end=\"580\">Los agredicimientos de <a href=\"https:\/\/www.researchgate.net\/publication\/413651508_LA_OTRA_HISTORIA_DE_LA_PUBLICIDAD_Medios_marcas_consumo_y_poder_de_los_antecedentes_comerciales_a_la_inteligencia_artificial\" target=\"_blank\" rel=\"noopener\">la obra<\/a> resaltan a las dos estudiantes de Publicidad y Relaciones P\u00fablicas en tareas de maquetaci\u00f3n, dise\u00f1o y b\u00fasqueda de im\u00e1genes. Su participaci\u00f3n permite poner en valor una parte del trabajo editorial que suele quedar en segundo plano.<\/strong><\/p>\n<p style=\"text-align: justify\" data-start=\"582\" data-end=\"954\">Cuando se habla de la creaci\u00f3n de un libro, la atenci\u00f3n suele concentrarse en quien firma la obra. Sin embargo, cualquier proyecto editorial exige muchas otras tareas: organizar visualmente los contenidos, establecer jerarqu\u00edas gr\u00e1ficas, distribuir textos e im\u00e1genes, mantener una coherencia entre cap\u00edtulos o localizar materiales que permitan acompa\u00f1ar las explicaciones.<\/p>\n<p style=\"text-align: justify\" data-start=\"956\" data-end=\"1405\">En <em data-start=\"959\" data-end=\"1089\">La otra historia de la publicidad. Medios, marcas, consumo y poder: de los antecedentes comerciales a la inteligencia artificial<\/em>, publicado en 2026 como manuscrito acad\u00e9mico de acceso abierto, <a href=\"https:\/\/orcid.org\/0000-0003-2082-1212\" target=\"_blank\" rel=\"noopener\">Alfonso Freire-S\u00e1nchez<\/a> reconoce expresamente la participaci\u00f3n de <strong data-start=\"1219\" data-end=\"1269\">Diana Salazar Arriola y Ana Sof\u00eda Sierra Rom\u00e1n<\/strong> en tres \u00e1mbitos concretos: <strong data-start=\"1297\" data-end=\"1343\">maquetaci\u00f3n, dise\u00f1o y b\u00fasqueda de im\u00e1genes<\/strong>.<\/p>\n<h2 style=\"text-align: justify\" data-section-id=\"1f1dufy\" data-start=\"1803\" data-end=\"1847\">Un trabajo editorial que tambi\u00e9n comunica<\/h2>\n<p style=\"text-align: justify\" data-start=\"1849\" data-end=\"2400\">La participaci\u00f3n de Salazar y Sierra resulta especialmente interesante por la naturaleza del propio libro. <em data-start=\"1956\" data-end=\"1991\">La otra historia de la publicidad<\/em> plantea un recorrido hist\u00f3rico que va desde los antecedentes de la comunicaci\u00f3n comercial hasta Internet, la publicidad digital y la inteligencia artificial. A lo largo de sus cap\u00edtulos aparecen conceptos, campa\u00f1as, profesionales, agencias, medios, tablas, cronolog\u00edas e im\u00e1genes que necesitan integrarse dentro de una estructura visual coherente.<\/p>\n<p style=\"text-align: justify\" data-start=\"2402\" data-end=\"2437\">Aqu\u00ed entra en juego la maquetaci\u00f3n. Maquetar un libro implica decidir c\u00f3mo se organiza la informaci\u00f3n en la p\u00e1gina: t\u00edtulos, subt\u00edtulos, im\u00e1genes, pies de foto, tablas, m\u00e1rgenes, bloques de texto y relaciones visuales entre los distintos elementos. En una obra de car\u00e1cter docente, esta dimensi\u00f3n tiene adem\u00e1s una funci\u00f3n pr\u00e1ctica, porque la organizaci\u00f3n gr\u00e1fica puede facilitar que el lector identifique conceptos, periodos hist\u00f3ricos y ejemplos.<\/p>\n<figure id=\"attachment_1940\" aria-describedby=\"caption-attachment-1940\" style=\"width: 1672px\" class=\"wp-caption aligncenter\"><img loading=\"lazy\" decoding=\"async\" class=\"size-full wp-image-1940\" src=\"https:\/\/blogs.uao.es\/publicidad-rrpp\/wp-content\/uploads\/sites\/14\/2026\/09\/Marcal-Moline.png\" alt=\"Tributo a Mar\u00e7al Molin\u00e9 de Alfonso Freire S\u00e1nchez\" width=\"1672\" height=\"941\" srcset=\"https:\/\/blogs.uao.es\/publicidad-rrpp\/wp-content\/uploads\/sites\/14\/2026\/09\/Marcal-Moline.png 1672w, https:\/\/blogs.uao.es\/publicidad-rrpp\/wp-content\/uploads\/sites\/14\/2026\/09\/Marcal-Moline-480x270.png 480w, https:\/\/blogs.uao.es\/publicidad-rrpp\/wp-content\/uploads\/sites\/14\/2026\/09\/Marcal-Moline-1024x576.png 1024w, https:\/\/blogs.uao.es\/publicidad-rrpp\/wp-content\/uploads\/sites\/14\/2026\/09\/Marcal-Moline-768x432.png 768w, https:\/\/blogs.uao.es\/publicidad-rrpp\/wp-content\/uploads\/sites\/14\/2026\/09\/Marcal-Moline-1536x864.png 1536w\" sizes=\"auto, (max-width: 1672px) 100vw, 1672px\" \/><figcaption id=\"caption-attachment-1940\" class=\"wp-caption-text\">Fotograf\u00eda rehecha con GenAI del original de Mar\u00e7al Molin\u00e9<\/figcaption><\/figure>\n<h2 style=\"text-align: justify\" data-section-id=\"1x5or7r\" data-start=\"4269\" data-end=\"4304\">Del aula a un proyecto editorial<\/h2>\n<p style=\"text-align: justify\" data-start=\"4306\" data-end=\"4542\">Otro elemento que aporta inter\u00e9s a esta colaboraci\u00f3n es que ambas participantes son estudiantes del grado en Publicidad y Relaciones P\u00fablicas de la <a href=\"http:\/\/www.uaoceu.es\" target=\"_blank\" rel=\"noopener\">Universitat CEU Abat Oliba<\/a>.<\/p>\n<p style=\"text-align: justify\" data-start=\"4544\" data-end=\"4988\">Su participaci\u00f3n convierte el proyecto en algo m\u00e1s que un material destinado a estudiantes. Tambi\u00e9n muestra una forma de aprendizaje vinculada a una experiencia editorial concreta. Frente a una formaci\u00f3n centrada exclusivamente en contenidos te\u00f3ricos, colaborar en la maquetaci\u00f3n, el dise\u00f1o y la documentaci\u00f3n visual de una publicaci\u00f3n permite entrar en contacto con problemas reales de organizaci\u00f3n, coherencia gr\u00e1fica y gesti\u00f3n de materiales.<\/p>\n<p style=\"text-align: justify\" data-start=\"4990\" data-end=\"5535\">Existe adem\u00e1s una relaci\u00f3n directa entre esta colaboraci\u00f3n y una de las ideas que aparecen en el prefacio del libro. Freire-S\u00e1nchez recuerda que detr\u00e1s de una campa\u00f1a publicitaria interviene una cadena de profesionales y disciplinas: estrategia, escritura, direcci\u00f3n de arte, fotograf\u00eda, investigaci\u00f3n, producci\u00f3n, medios, programaci\u00f3n o datos, entre otras tareas. Tambi\u00e9n se\u00f1ala que muchas de esas personas han quedado hist\u00f3ricamente fuera de los grandes relatos sobre la publicidad.<\/p>\n<p style=\"text-align: justify\" data-start=\"5867\" data-end=\"6261\">En publicidad estamos acostumbrados a hablar de autor\u00eda colectiva: una campa\u00f1a puede tener director creativo, copywriter, director de arte, planner, ejecutivo de cuentas, productor, fot\u00f3grafo, realizador y numerosos profesionales m\u00e1s. Sin embargo, cuando esa misma l\u00f3gica se traslada a otros productos culturales, como un libro, es f\u00e1cil volver a concentrar toda la atenci\u00f3n en un \u00fanico nombre.<\/p>\n<p style=\"text-align: justify\" data-start=\"6263\" data-end=\"6392\">El caso de Diana Salazar Arriola y Ana Sof\u00eda Sierra Rom\u00e1n permite recordar que <strong data-start=\"6342\" data-end=\"6391\">la edici\u00f3n tambi\u00e9n es un proceso colaborativo<\/strong>.<\/p>\n","protected":false},"excerpt":{"rendered":"<p>Diana Salazar y Ana Sof\u00eda Sierra: el trabajo detr\u00e1s del dise\u00f1o de La otra historia de la publicidad Los agredicimientos de la obra resaltan a&hellip;<\/p>\n","protected":false},"author":47,"featured_media":1940,"comment_status":"open","ping_status":"open","sticky":false,"template":"","format":"standard","meta":{"_acf_changed":false,"footnotes":""},"categories":[2,1,9,12],"tags":[594,981,48,986,58,622,987,980,984,988,989,983,982,985,991,990,147,992,178,194],"class_list":["post-1938","post","type-post","status-publish","format-standard","has-post-thumbnail","hentry","category-alumnos","category-general","category-noticias","category-tendencias","tag-alfonso-freire-sanchez","tag-ana-sofia-sierra-roman","tag-branding","tag-busqueda-de-imagenes","tag-comunicacion","tag-creatividad-publicitaria","tag-cultura-publicitaria","tag-diana-salazar-arriola","tag-diseno-editorial","tag-estudiantes-de-publicidad","tag-formacion-en-publicidad","tag-historia-de-la-publicidad","tag-la-otra-historia-de-la-publicidad","tag-maquetacion","tag-marcal-moline","tag-proyecto-editorial","tag-publicidad","tag-publicidad-espanola","tag-uao-ceu","tag-universitat-abat-oliba-ceu"],"acf":[],"yoast_head":"<!-- This site is optimized with the Yoast SEO plugin v27.4 - https:\/\/yoast.com\/product\/yoast-seo-wordpress\/ -->\n<title>Diana Salazar y Ana Sof\u00eda Sierra en La otra historia de la publicidad - Ci\u00e8ncies de la Comunicaci\u00f3: Publicitat i RR.PP.<\/title>\n<meta name=\"description\" content=\"Diana Salazar y Ana Sof\u00eda Sierra participaron en la maquetaci\u00f3n, dise\u00f1o y b\u00fasqueda de im\u00e1genes de La otra historia de la publicidad, de Alfonso Freire-S\u00e1nchez.\" \/>\n<meta name=\"robots\" content=\"index, follow, max-snippet:-1, max-image-preview:large, max-video-preview:-1\" \/>\n<link rel=\"canonical\" href=\"https:\/\/blogs.uao.es\/publicidad-rrpp\/2026\/09\/04\/diana-salazar-y-ana-sofia-sierra-en-la-otra-historia-de-la-publicidad\/\" \/>\n<meta property=\"og:locale\" content=\"es_ES\" \/>\n<meta property=\"og:type\" content=\"article\" \/>\n<meta property=\"og:title\" content=\"Diana Salazar y Ana Sof\u00eda Sierra en La otra historia de la publicidad - Ci\u00e8ncies de la Comunicaci\u00f3: Publicitat i RR.PP.\" \/>\n<meta property=\"og:description\" content=\"Diana Salazar y Ana Sof\u00eda Sierra participaron en la maquetaci\u00f3n, dise\u00f1o y b\u00fasqueda de im\u00e1genes de La otra historia de la publicidad, de Alfonso Freire-S\u00e1nchez.\" \/>\n<meta property=\"og:url\" content=\"https:\/\/blogs.uao.es\/publicidad-rrpp\/2026\/09\/04\/diana-salazar-y-ana-sofia-sierra-en-la-otra-historia-de-la-publicidad\/\" \/>\n<meta property=\"og:site_name\" content=\"Ci\u00e8ncies de la Comunicaci\u00f3: Publicitat i RR.PP.\" \/>\n<meta property=\"article:published_time\" content=\"2026-09-04T14:05:29+00:00\" \/>\n<meta property=\"og:image\" content=\"https:\/\/blogs.uao.es\/publicidad-rrpp\/wp-content\/uploads\/sites\/14\/2026\/09\/Marcal-Moline.png\" \/>\n\t<meta property=\"og:image:width\" content=\"1672\" \/>\n\t<meta property=\"og:image:height\" content=\"941\" \/>\n\t<meta property=\"og:image:type\" content=\"image\/png\" \/>\n<meta name=\"author\" content=\"PublicidadRRPP\" \/>\n<meta name=\"twitter:card\" content=\"summary_large_image\" \/>\n<meta name=\"twitter:label1\" content=\"Escrito por\" \/>\n\t<meta name=\"twitter:data1\" content=\"PublicidadRRPP\" \/>\n\t<meta name=\"twitter:label2\" content=\"Tiempo de lectura\" \/>\n\t<meta name=\"twitter:data2\" content=\"3 minutos\" \/>\n<script type=\"application\/ld+json\" class=\"yoast-schema-graph\">{\"@context\":\"https:\\\/\\\/schema.org\",\"@graph\":[{\"@type\":\"Article\",\"@id\":\"https:\\\/\\\/blogs.uao.es\\\/publicidad-rrpp\\\/2026\\\/09\\\/04\\\/diana-salazar-y-ana-sofia-sierra-en-la-otra-historia-de-la-publicidad\\\/#article\",\"isPartOf\":{\"@id\":\"https:\\\/\\\/blogs.uao.es\\\/publicidad-rrpp\\\/2026\\\/09\\\/04\\\/diana-salazar-y-ana-sofia-sierra-en-la-otra-historia-de-la-publicidad\\\/\"},\"author\":{\"name\":\"PublicidadRRPP\",\"@id\":\"https:\\\/\\\/blogs.uao.es\\\/publicidad-rrpp\\\/#\\\/schema\\\/person\\\/4dc7a0e1a6a206fcd87a32f77d753253\"},\"headline\":\"Diana Salazar y Ana Sof\u00eda Sierra en La otra historia de la publicidad\",\"datePublished\":\"2026-09-04T14:05:29+00:00\",\"mainEntityOfPage\":{\"@id\":\"https:\\\/\\\/blogs.uao.es\\\/publicidad-rrpp\\\/2026\\\/09\\\/04\\\/diana-salazar-y-ana-sofia-sierra-en-la-otra-historia-de-la-publicidad\\\/\"},\"wordCount\":665,\"commentCount\":0,\"image\":{\"@id\":\"https:\\\/\\\/blogs.uao.es\\\/publicidad-rrpp\\\/2026\\\/09\\\/04\\\/diana-salazar-y-ana-sofia-sierra-en-la-otra-historia-de-la-publicidad\\\/#primaryimage\"},\"thumbnailUrl\":\"https:\\\/\\\/blogs.uao.es\\\/publicidad-rrpp\\\/wp-content\\\/uploads\\\/sites\\\/14\\\/2026\\\/09\\\/Marcal-Moline.png\",\"keywords\":[\"Alfonso Freire-S\u00e1nchez\",\"Ana Sof\u00eda Sierra Rom\u00e1n\",\"Branding\",\"b\u00fasqueda de im\u00e1genes\",\"Comunicaci\u00f3n\",\"creatividad publicitaria\",\"cultura publicitaria\",\"Diana Salazar Arriola\",\"dise\u00f1o editorial\",\"estudiantes de publicidad\",\"formaci\u00f3n en publicidad\",\"historia de la publicidad\",\"La otra historia de la publicidad\",\"maquetaci\u00f3n\",\"Mar\u00e7al Molin\u00e9\",\"proyecto editorial\",\"Publicidad\",\"publicidad espa\u00f1ola\",\"UAO CEU\",\"Universitat Abat Oliba CEU\"],\"articleSection\":[\"Alumnos\",\"General\",\"Noticias\",\"Tendencias\"],\"inLanguage\":\"es\",\"potentialAction\":[{\"@type\":\"CommentAction\",\"name\":\"Comment\",\"target\":[\"https:\\\/\\\/blogs.uao.es\\\/publicidad-rrpp\\\/2026\\\/09\\\/04\\\/diana-salazar-y-ana-sofia-sierra-en-la-otra-historia-de-la-publicidad\\\/#respond\"]}]},{\"@type\":\"WebPage\",\"@id\":\"https:\\\/\\\/blogs.uao.es\\\/publicidad-rrpp\\\/2026\\\/09\\\/04\\\/diana-salazar-y-ana-sofia-sierra-en-la-otra-historia-de-la-publicidad\\\/\",\"url\":\"https:\\\/\\\/blogs.uao.es\\\/publicidad-rrpp\\\/2026\\\/09\\\/04\\\/diana-salazar-y-ana-sofia-sierra-en-la-otra-historia-de-la-publicidad\\\/\",\"name\":\"Diana Salazar y Ana Sof\u00eda Sierra en La otra historia de la publicidad - Ci\u00e8ncies de la Comunicaci\u00f3: Publicitat i RR.PP.\",\"isPartOf\":{\"@id\":\"https:\\\/\\\/blogs.uao.es\\\/publicidad-rrpp\\\/#website\"},\"primaryImageOfPage\":{\"@id\":\"https:\\\/\\\/blogs.uao.es\\\/publicidad-rrpp\\\/2026\\\/09\\\/04\\\/diana-salazar-y-ana-sofia-sierra-en-la-otra-historia-de-la-publicidad\\\/#primaryimage\"},\"image\":{\"@id\":\"https:\\\/\\\/blogs.uao.es\\\/publicidad-rrpp\\\/2026\\\/09\\\/04\\\/diana-salazar-y-ana-sofia-sierra-en-la-otra-historia-de-la-publicidad\\\/#primaryimage\"},\"thumbnailUrl\":\"https:\\\/\\\/blogs.uao.es\\\/publicidad-rrpp\\\/wp-content\\\/uploads\\\/sites\\\/14\\\/2026\\\/09\\\/Marcal-Moline.png\",\"datePublished\":\"2026-09-04T14:05:29+00:00\",\"author\":{\"@id\":\"https:\\\/\\\/blogs.uao.es\\\/publicidad-rrpp\\\/#\\\/schema\\\/person\\\/4dc7a0e1a6a206fcd87a32f77d753253\"},\"description\":\"Diana Salazar y Ana Sof\u00eda Sierra participaron en la maquetaci\u00f3n, dise\u00f1o y b\u00fasqueda de im\u00e1genes de La otra historia de la publicidad, de Alfonso Freire-S\u00e1nchez.\",\"breadcrumb\":{\"@id\":\"https:\\\/\\\/blogs.uao.es\\\/publicidad-rrpp\\\/2026\\\/09\\\/04\\\/diana-salazar-y-ana-sofia-sierra-en-la-otra-historia-de-la-publicidad\\\/#breadcrumb\"},\"inLanguage\":\"es\",\"potentialAction\":[{\"@type\":\"ReadAction\",\"target\":[\"https:\\\/\\\/blogs.uao.es\\\/publicidad-rrpp\\\/2026\\\/09\\\/04\\\/diana-salazar-y-ana-sofia-sierra-en-la-otra-historia-de-la-publicidad\\\/\"]}]},{\"@type\":\"ImageObject\",\"inLanguage\":\"es\",\"@id\":\"https:\\\/\\\/blogs.uao.es\\\/publicidad-rrpp\\\/2026\\\/09\\\/04\\\/diana-salazar-y-ana-sofia-sierra-en-la-otra-historia-de-la-publicidad\\\/#primaryimage\",\"url\":\"https:\\\/\\\/blogs.uao.es\\\/publicidad-rrpp\\\/wp-content\\\/uploads\\\/sites\\\/14\\\/2026\\\/09\\\/Marcal-Moline.png\",\"contentUrl\":\"https:\\\/\\\/blogs.uao.es\\\/publicidad-rrpp\\\/wp-content\\\/uploads\\\/sites\\\/14\\\/2026\\\/09\\\/Marcal-Moline.png\",\"width\":1672,\"height\":941,\"caption\":\"Fotograf\u00eda rehecha con GenAI del original de Mar\u00e7al Molin\u00e9\"},{\"@type\":\"BreadcrumbList\",\"@id\":\"https:\\\/\\\/blogs.uao.es\\\/publicidad-rrpp\\\/2026\\\/09\\\/04\\\/diana-salazar-y-ana-sofia-sierra-en-la-otra-historia-de-la-publicidad\\\/#breadcrumb\",\"itemListElement\":[{\"@type\":\"ListItem\",\"position\":1,\"name\":\"Home\",\"item\":\"https:\\\/\\\/blogs.uao.es\\\/publicidad-rrpp\\\/\"},{\"@type\":\"ListItem\",\"position\":2,\"name\":\"Diana Salazar y Ana Sof\u00eda Sierra en La otra historia de la publicidad\"}]},{\"@type\":\"WebSite\",\"@id\":\"https:\\\/\\\/blogs.uao.es\\\/publicidad-rrpp\\\/#website\",\"url\":\"https:\\\/\\\/blogs.uao.es\\\/publicidad-rrpp\\\/\",\"name\":\"Ci\u00e8ncies de la Comunicaci\u00f3: Publicitat i RR.PP.\",\"description\":\"UAO CEU Blog Community\",\"potentialAction\":[{\"@type\":\"SearchAction\",\"target\":{\"@type\":\"EntryPoint\",\"urlTemplate\":\"https:\\\/\\\/blogs.uao.es\\\/publicidad-rrpp\\\/?s={search_term_string}\"},\"query-input\":{\"@type\":\"PropertyValueSpecification\",\"valueRequired\":true,\"valueName\":\"search_term_string\"}}],\"inLanguage\":\"es\"},{\"@type\":\"Person\",\"@id\":\"https:\\\/\\\/blogs.uao.es\\\/publicidad-rrpp\\\/#\\\/schema\\\/person\\\/4dc7a0e1a6a206fcd87a32f77d753253\",\"name\":\"PublicidadRRPP\",\"image\":{\"@type\":\"ImageObject\",\"inLanguage\":\"es\",\"@id\":\"https:\\\/\\\/blogs.uao.es\\\/publicidad-rrpp\\\/wp-content\\\/uploads\\\/sites\\\/14\\\/2019\\\/05\\\/UAO-CEU-logo_120-x-120.png\",\"url\":\"https:\\\/\\\/blogs.uao.es\\\/publicidad-rrpp\\\/wp-content\\\/uploads\\\/sites\\\/14\\\/2019\\\/05\\\/UAO-CEU-logo_120-x-120.png\",\"contentUrl\":\"https:\\\/\\\/blogs.uao.es\\\/publicidad-rrpp\\\/wp-content\\\/uploads\\\/sites\\\/14\\\/2019\\\/05\\\/UAO-CEU-logo_120-x-120.png\",\"caption\":\"PublicidadRRPP\"},\"url\":\"https:\\\/\\\/blogs.uao.es\\\/publicidad-rrpp\\\/author\\\/alfonsofreire\\\/\"}]}<\/script>\n<!-- \/ Yoast SEO plugin. -->","yoast_head_json":{"title":"Diana Salazar y Ana Sof\u00eda Sierra en La otra historia de la publicidad - Ci\u00e8ncies de la Comunicaci\u00f3: Publicitat i RR.PP.","description":"Diana Salazar y Ana Sof\u00eda Sierra participaron en la maquetaci\u00f3n, dise\u00f1o y b\u00fasqueda de im\u00e1genes de La otra historia de la publicidad, de Alfonso Freire-S\u00e1nchez.","robots":{"index":"index","follow":"follow","max-snippet":"max-snippet:-1","max-image-preview":"max-image-preview:large","max-video-preview":"max-video-preview:-1"},"canonical":"https:\/\/blogs.uao.es\/publicidad-rrpp\/2026\/09\/04\/diana-salazar-y-ana-sofia-sierra-en-la-otra-historia-de-la-publicidad\/","og_locale":"es_ES","og_type":"article","og_title":"Diana Salazar y Ana Sof\u00eda Sierra en La otra historia de la publicidad - Ci\u00e8ncies de la Comunicaci\u00f3: Publicitat i RR.PP.","og_description":"Diana Salazar y Ana Sof\u00eda Sierra participaron en la maquetaci\u00f3n, dise\u00f1o y b\u00fasqueda de im\u00e1genes de La otra historia de la publicidad, de Alfonso Freire-S\u00e1nchez.","og_url":"https:\/\/blogs.uao.es\/publicidad-rrpp\/2026\/09\/04\/diana-salazar-y-ana-sofia-sierra-en-la-otra-historia-de-la-publicidad\/","og_site_name":"Ci\u00e8ncies de la Comunicaci\u00f3: Publicitat i RR.PP.","article_published_time":"2026-09-04T14:05:29+00:00","og_image":[{"width":1672,"height":941,"url":"https:\/\/blogs.uao.es\/publicidad-rrpp\/wp-content\/uploads\/sites\/14\/2026\/09\/Marcal-Moline.png","type":"image\/png"}],"author":"PublicidadRRPP","twitter_card":"summary_large_image","twitter_misc":{"Escrito por":"PublicidadRRPP","Tiempo de lectura":"3 minutos"},"schema":{"@context":"https:\/\/schema.org","@graph":[{"@type":"Article","@id":"https:\/\/blogs.uao.es\/publicidad-rrpp\/2026\/09\/04\/diana-salazar-y-ana-sofia-sierra-en-la-otra-historia-de-la-publicidad\/#article","isPartOf":{"@id":"https:\/\/blogs.uao.es\/publicidad-rrpp\/2026\/09\/04\/diana-salazar-y-ana-sofia-sierra-en-la-otra-historia-de-la-publicidad\/"},"author":{"name":"PublicidadRRPP","@id":"https:\/\/blogs.uao.es\/publicidad-rrpp\/#\/schema\/person\/4dc7a0e1a6a206fcd87a32f77d753253"},"headline":"Diana Salazar y Ana Sof\u00eda Sierra en La otra historia de la publicidad","datePublished":"2026-09-04T14:05:29+00:00","mainEntityOfPage":{"@id":"https:\/\/blogs.uao.es\/publicidad-rrpp\/2026\/09\/04\/diana-salazar-y-ana-sofia-sierra-en-la-otra-historia-de-la-publicidad\/"},"wordCount":665,"commentCount":0,"image":{"@id":"https:\/\/blogs.uao.es\/publicidad-rrpp\/2026\/09\/04\/diana-salazar-y-ana-sofia-sierra-en-la-otra-historia-de-la-publicidad\/#primaryimage"},"thumbnailUrl":"https:\/\/blogs.uao.es\/publicidad-rrpp\/wp-content\/uploads\/sites\/14\/2026\/09\/Marcal-Moline.png","keywords":["Alfonso Freire-S\u00e1nchez","Ana Sof\u00eda Sierra Rom\u00e1n","Branding","b\u00fasqueda de im\u00e1genes","Comunicaci\u00f3n","creatividad publicitaria","cultura publicitaria","Diana Salazar Arriola","dise\u00f1o editorial","estudiantes de publicidad","formaci\u00f3n en publicidad","historia de la publicidad","La otra historia de la publicidad","maquetaci\u00f3n","Mar\u00e7al Molin\u00e9","proyecto editorial","Publicidad","publicidad espa\u00f1ola","UAO CEU","Universitat Abat Oliba CEU"],"articleSection":["Alumnos","General","Noticias","Tendencias"],"inLanguage":"es","potentialAction":[{"@type":"CommentAction","name":"Comment","target":["https:\/\/blogs.uao.es\/publicidad-rrpp\/2026\/09\/04\/diana-salazar-y-ana-sofia-sierra-en-la-otra-historia-de-la-publicidad\/#respond"]}]},{"@type":"WebPage","@id":"https:\/\/blogs.uao.es\/publicidad-rrpp\/2026\/09\/04\/diana-salazar-y-ana-sofia-sierra-en-la-otra-historia-de-la-publicidad\/","url":"https:\/\/blogs.uao.es\/publicidad-rrpp\/2026\/09\/04\/diana-salazar-y-ana-sofia-sierra-en-la-otra-historia-de-la-publicidad\/","name":"Diana Salazar y Ana Sof\u00eda Sierra en La otra historia de la publicidad - Ci\u00e8ncies de la Comunicaci\u00f3: Publicitat i RR.PP.","isPartOf":{"@id":"https:\/\/blogs.uao.es\/publicidad-rrpp\/#website"},"primaryImageOfPage":{"@id":"https:\/\/blogs.uao.es\/publicidad-rrpp\/2026\/09\/04\/diana-salazar-y-ana-sofia-sierra-en-la-otra-historia-de-la-publicidad\/#primaryimage"},"image":{"@id":"https:\/\/blogs.uao.es\/publicidad-rrpp\/2026\/09\/04\/diana-salazar-y-ana-sofia-sierra-en-la-otra-historia-de-la-publicidad\/#primaryimage"},"thumbnailUrl":"https:\/\/blogs.uao.es\/publicidad-rrpp\/wp-content\/uploads\/sites\/14\/2026\/09\/Marcal-Moline.png","datePublished":"2026-09-04T14:05:29+00:00","author":{"@id":"https:\/\/blogs.uao.es\/publicidad-rrpp\/#\/schema\/person\/4dc7a0e1a6a206fcd87a32f77d753253"},"description":"Diana Salazar y Ana Sof\u00eda Sierra participaron en la maquetaci\u00f3n, dise\u00f1o y b\u00fasqueda de im\u00e1genes de La otra historia de la publicidad, de Alfonso Freire-S\u00e1nchez.","breadcrumb":{"@id":"https:\/\/blogs.uao.es\/publicidad-rrpp\/2026\/09\/04\/diana-salazar-y-ana-sofia-sierra-en-la-otra-historia-de-la-publicidad\/#breadcrumb"},"inLanguage":"es","potentialAction":[{"@type":"ReadAction","target":["https:\/\/blogs.uao.es\/publicidad-rrpp\/2026\/09\/04\/diana-salazar-y-ana-sofia-sierra-en-la-otra-historia-de-la-publicidad\/"]}]},{"@type":"ImageObject","inLanguage":"es","@id":"https:\/\/blogs.uao.es\/publicidad-rrpp\/2026\/09\/04\/diana-salazar-y-ana-sofia-sierra-en-la-otra-historia-de-la-publicidad\/#primaryimage","url":"https:\/\/blogs.uao.es\/publicidad-rrpp\/wp-content\/uploads\/sites\/14\/2026\/09\/Marcal-Moline.png","contentUrl":"https:\/\/blogs.uao.es\/publicidad-rrpp\/wp-content\/uploads\/sites\/14\/2026\/09\/Marcal-Moline.png","width":1672,"height":941,"caption":"Fotograf\u00eda rehecha con GenAI del original de Mar\u00e7al Molin\u00e9"},{"@type":"BreadcrumbList","@id":"https:\/\/blogs.uao.es\/publicidad-rrpp\/2026\/09\/04\/diana-salazar-y-ana-sofia-sierra-en-la-otra-historia-de-la-publicidad\/#breadcrumb","itemListElement":[{"@type":"ListItem","position":1,"name":"Home","item":"https:\/\/blogs.uao.es\/publicidad-rrpp\/"},{"@type":"ListItem","position":2,"name":"Diana Salazar y Ana Sof\u00eda Sierra en La otra historia de la publicidad"}]},{"@type":"WebSite","@id":"https:\/\/blogs.uao.es\/publicidad-rrpp\/#website","url":"https:\/\/blogs.uao.es\/publicidad-rrpp\/","name":"Ci\u00e8ncies de la Comunicaci\u00f3: Publicitat i RR.PP.","description":"UAO CEU Blog Community","potentialAction":[{"@type":"SearchAction","target":{"@type":"EntryPoint","urlTemplate":"https:\/\/blogs.uao.es\/publicidad-rrpp\/?s={search_term_string}"},"query-input":{"@type":"PropertyValueSpecification","valueRequired":true,"valueName":"search_term_string"}}],"inLanguage":"es"},{"@type":"Person","@id":"https:\/\/blogs.uao.es\/publicidad-rrpp\/#\/schema\/person\/4dc7a0e1a6a206fcd87a32f77d753253","name":"PublicidadRRPP","image":{"@type":"ImageObject","inLanguage":"es","@id":"https:\/\/blogs.uao.es\/publicidad-rrpp\/wp-content\/uploads\/sites\/14\/2019\/05\/UAO-CEU-logo_120-x-120.png","url":"https:\/\/blogs.uao.es\/publicidad-rrpp\/wp-content\/uploads\/sites\/14\/2019\/05\/UAO-CEU-logo_120-x-120.png","contentUrl":"https:\/\/blogs.uao.es\/publicidad-rrpp\/wp-content\/uploads\/sites\/14\/2019\/05\/UAO-CEU-logo_120-x-120.png","caption":"PublicidadRRPP"},"url":"https:\/\/blogs.uao.es\/publicidad-rrpp\/author\/alfonsofreire\/"}]}},"_links":{"self":[{"href":"https:\/\/blogs.uao.es\/publicidad-rrpp\/wp-json\/wp\/v2\/posts\/1938","targetHints":{"allow":["GET"]}}],"collection":[{"href":"https:\/\/blogs.uao.es\/publicidad-rrpp\/wp-json\/wp\/v2\/posts"}],"about":[{"href":"https:\/\/blogs.uao.es\/publicidad-rrpp\/wp-json\/wp\/v2\/types\/post"}],"author":[{"embeddable":true,"href":"https:\/\/blogs.uao.es\/publicidad-rrpp\/wp-json\/wp\/v2\/users\/47"}],"replies":[{"embeddable":true,"href":"https:\/\/blogs.uao.es\/publicidad-rrpp\/wp-json\/wp\/v2\/comments?post=1938"}],"version-history":[{"count":2,"href":"https:\/\/blogs.uao.es\/publicidad-rrpp\/wp-json\/wp\/v2\/posts\/1938\/revisions"}],"predecessor-version":[{"id":1941,"href":"https:\/\/blogs.uao.es\/publicidad-rrpp\/wp-json\/wp\/v2\/posts\/1938\/revisions\/1941"}],"wp:featuredmedia":[{"embeddable":true,"href":"https:\/\/blogs.uao.es\/publicidad-rrpp\/wp-json\/wp\/v2\/media\/1940"}],"wp:attachment":[{"href":"https:\/\/blogs.uao.es\/publicidad-rrpp\/wp-json\/wp\/v2\/media?parent=1938"}],"wp:term":[{"taxonomy":"category","embeddable":true,"href":"https:\/\/blogs.uao.es\/publicidad-rrpp\/wp-json\/wp\/v2\/categories?post=1938"},{"taxonomy":"post_tag","embeddable":true,"href":"https:\/\/blogs.uao.es\/publicidad-rrpp\/wp-json\/wp\/v2\/tags?post=1938"}],"curies":[{"name":"wp","href":"https:\/\/api.w.org\/{rel}","templated":true}]}}