{"id":1933,"date":"2026-09-03T07:25:42","date_gmt":"2026-09-03T06:25:42","guid":{"rendered":"https:\/\/blogs.uao.es\/publicidad-rrpp\/?p=1933"},"modified":"2026-09-03T07:25:42","modified_gmt":"2026-09-03T06:25:42","slug":"yago-carrera-profesor-periodismo-deportivo-ceu-uao","status":"publish","type":"post","link":"https:\/\/blogs.uao.es\/publicidad-rrpp\/2026\/09\/03\/yago-carrera-profesor-periodismo-deportivo-ceu-uao\/","title":{"rendered":"Del aula a la redacci\u00f3n y de vuelta al aula: Yago Carrera se incorpora al claustro de Periodismo de la CEU UAO"},"content":{"rendered":"<h1 data-section-id=\"1uxz682\" data-start=\"431\" data-end=\"543\">Del aula a la redacci\u00f3n y de vuelta al aula: Yago Carrera se incorpora al claustro de Periodismo de la CEU UAO<\/h1>\n<p data-start=\"545\" data-end=\"1010\"><strong data-start=\"545\" data-end=\"1010\">El periodista y alumni Yago Carrera C\u00f3rcoles se incorpora al claustro del Departamento de Comunicaci\u00f3n de la Universitat CEU Abat Oliba para impartir Periodismo Deportivo dentro de la asignatura <em data-start=\"758\" data-end=\"786\">Periodismo Especializado I<\/em>. Su llegada al aula prolonga una trayectoria que comenz\u00f3 como estudiante de Periodismo en la propia universidad y que despu\u00e9s ha transitado por medios, comunicaci\u00f3n digital, prensa institucional y promoci\u00f3n universitaria.<\/strong><\/p>\n<p data-start=\"1012\" data-end=\"1551\">En periodismo deportivo, el pitido final rara vez marca el final de nada. A partir de ese momento empiezan la cr\u00f3nica, la rueda de prensa, el an\u00e1lisis, la b\u00fasqueda del dato que explique lo que el marcador apenas resume y, sobre todo, una carrera contra el tiempo para convertir noventa minutos de incertidumbre en una historia comprensible. Velocidad, criterio, lenguaje, fuentes y capacidad para mirar un acontecimiento desde un \u00e1ngulo que otros quiz\u00e1 no hayan visto: buena parte del oficio empieza precisamente cuando termina el partido.<\/p>\n<p data-start=\"1553\" data-end=\"1973\">Ese territorio ser\u00e1 el que <strong>Yago Carrera C\u00f3rcoles<\/strong> lleve ahora al aula de la CEU UAO. Este curso 2026-2027 se incorpora al claustro del Departamento de Comunicaci\u00f3n para asumir dos cr\u00e9ditos dedicados al <strong data-start=\"1781\" data-end=\"1805\">Periodismo Deportivo<\/strong> dentro de <em data-start=\"1816\" data-end=\"1844\">Periodismo Especializado I<\/em>, del grado en <a href=\"https:\/\/www.uaoceu.es\/grado-en-periodismo\" target=\"_blank\" rel=\"noopener\">Periodismo<\/a> que dirige Roser Serra.<\/p>\n<p data-start=\"1975\" data-end=\"2282\">La incorporaci\u00f3n tiene, adem\u00e1s, una particularidad: Carrera conoce la universidad desde casi todos sus \u00e1ngulos. Ha sido estudiante, alumni de grado y m\u00e1ster, profesional vinculado a la instituci\u00f3n, miembro del personal de gesti\u00f3n y, a partir de ahora, tambi\u00e9n profesor.<\/p>\n<figure id=\"attachment_1934\" aria-describedby=\"caption-attachment-1934\" style=\"width: 1342px\" class=\"wp-caption aligncenter\"><img loading=\"lazy\" decoding=\"async\" class=\"size-full wp-image-1934\" src=\"https:\/\/blogs.uao.es\/publicidad-rrpp\/wp-content\/uploads\/sites\/14\/2026\/09\/yago-carrera-corcoles-periodismo-deportivo-ceu-uao.png\" alt=\"Yago Carrera C\u00f3rcoles, profesor de Periodismo Deportivo en la Universitat Abat Oliba CEU\" width=\"1342\" height=\"1172\" srcset=\"https:\/\/blogs.uao.es\/publicidad-rrpp\/wp-content\/uploads\/sites\/14\/2026\/09\/yago-carrera-corcoles-periodismo-deportivo-ceu-uao.png 1342w, https:\/\/blogs.uao.es\/publicidad-rrpp\/wp-content\/uploads\/sites\/14\/2026\/09\/yago-carrera-corcoles-periodismo-deportivo-ceu-uao-309x270.png 309w, https:\/\/blogs.uao.es\/publicidad-rrpp\/wp-content\/uploads\/sites\/14\/2026\/09\/yago-carrera-corcoles-periodismo-deportivo-ceu-uao-1024x894.png 1024w, https:\/\/blogs.uao.es\/publicidad-rrpp\/wp-content\/uploads\/sites\/14\/2026\/09\/yago-carrera-corcoles-periodismo-deportivo-ceu-uao-768x671.png 768w\" sizes=\"auto, (max-width: 1342px) 100vw, 1342px\" \/><figcaption id=\"caption-attachment-1934\" class=\"wp-caption-text\">Yago Carrera C\u00f3rcoles se incorpora al Departamento de Comunicaci\u00f3n de la CEU UAO para impartir Periodismo Deportivo.<\/figcaption><\/figure>\n<h2 data-section-id=\"14klcab\" data-start=\"2284\" data-end=\"2318\">Un alumni que vuelve con oficio<\/h2>\n<p data-start=\"2320\" data-end=\"2832\">Yago Carrera se gradu\u00f3 en Periodismo por la Universitat Abat Oliba CEU en 2019 y regres\u00f3 posteriormente a sus aulas para cursar el M\u00e1ster en Comunicaci\u00f3n Digital y Nuevas Tecnolog\u00edas durante el curso 2023-2024. Este curso, adem\u00e1s, inicia sus estudios en doctorado en Comunicaci\u00f3n en CEINDO. Ese triple v\u00ednculo acad\u00e9mico ayuda a explicar una incorporaci\u00f3n que nace de una idea especialmente valiosa para cualquier universidad: el conocimiento que se forma dentro tambi\u00e9n puede regresar transformado por la experiencia profesional.<\/p>\n<p data-start=\"2834\" data-end=\"3477\">Entre ambos momentos existe, precisamente, el oficio. <strong>Carrera trabaj\u00f3 como redactor en <em data-start=\"2921\" data-end=\"2941\">El Mundo Catalunya<\/em> entre 2018 y 2021<\/strong> y <strong>como redactor y corresponsal en Catalunya para Golsmedia Sports entre 2020 y 2022<\/strong>, adem\u00e1s de haber pasado por <strong>el Servicio de Prensa de la propia UAO CEU<\/strong> y por diferentes posiciones vinculadas con comunicaci\u00f3n, contenidos digitales y marketing.<\/p>\n<p data-start=\"3479\" data-end=\"4006\">No es un detalle menor, ya que <strong>ense\u00f1ar periodismo especializado exige ser periodista<\/strong>, explicar g\u00e9neros, fuentes, lenguajes y criterios, pero tambi\u00e9n aquellas peque\u00f1as tensiones que dif\u00edcilmente caben en un manual: qu\u00e9 hacer cuando una fuente no responde, c\u00f3mo cerrar una pieza con el reloj en contra, cu\u00e1ndo un dato necesita una segunda comprobaci\u00f3n, c\u00f3mo detectar una historia detr\u00e1s de una declaraci\u00f3n rutinaria o de qu\u00e9 manera cambia el trabajo cuando una noticia debe vivir simult\u00e1neamente en web, redes sociales, v\u00eddeo, audio y formatos m\u00f3viles.<\/p>\n<p data-start=\"4008\" data-end=\"4402\">Su propio perfil docente plantea precisamente esa conexi\u00f3n entre profesi\u00f3n y aula. Carrera define su propuesta desde la experiencia adquirida en periodismo, comunicaci\u00f3n institucional y medios deportivos, vincul\u00e1ndola con la transformaci\u00f3n que los nuevos formatos y canales digitales est\u00e1n provocando en la profesi\u00f3n period\u00edstica.<\/p>\n<h2 data-section-id=\"1ib7sjz\" data-start=\"4404\" data-end=\"4447\">El deporte es mucho m\u00e1s que el resultado<\/h2>\n<p data-start=\"5622\" data-end=\"6223\">En esa direcci\u00f3n se mueve tambi\u00e9n la apuesta reciente de la CEU UAO por esta especializaci\u00f3n. La universidad ofrece actualmente un <strong data-start=\"5753\" data-end=\"5836\">Certificado en Periodismo Deportivo de 21 ECTS organizado junto al diario SPORT<\/strong>, que dirige el periodista Jos\u00e9 Ignacio Castell\u00f3. Dicho certificado ofrece una formaci\u00f3n distribuida entre prensa escrita, informaci\u00f3n online, redes sociales, retransmisiones de radio y televisi\u00f3n, comunicaci\u00f3n de clubes y nuevos formatos. La propia propuesta acad\u00e9mica presenta el aprendizaje pr\u00e1ctico y el contacto con el ecosistema profesional como elementos centrales del itinerario.<\/p>\n<p data-start=\"6225\" data-end=\"6404\">La incorporaci\u00f3n de Carrera se produce, por tanto, dentro de un contexto en el que el periodismo deportivo est\u00e1 ampliando su presencia en la propuesta formativa de la universidad.<\/p>\n<h2 data-section-id=\"6swi4t\" data-start=\"6406\" data-end=\"6469\">Una trayectoria entre la redacci\u00f3n y la comunicaci\u00f3n digital<\/h2>\n<p data-start=\"6471\" data-end=\"6925\">Hay otro elemento que resulta especialmente \u00fatil para el aula: la trayectoria de Carrera recoge experiencia en gesti\u00f3n de contenidos web mediante CMS, campa\u00f1as digitales, <em data-start=\"6712\" data-end=\"6726\">social media<\/em>, coordinaci\u00f3n con agencias y proveedores, comunicaci\u00f3n interna y relaci\u00f3n con medios, adem\u00e1s de su trabajo estrictamente period\u00edstico.<\/p>\n<p data-start=\"6927\" data-end=\"7302\">Ese perfil h\u00edbrido refleja bastante bien el escenario al que llegan hoy los estudiantes. Las fronteras profesionales de la comunicaci\u00f3n son cada vez m\u00e1s permeables y el periodista puede pasar de una redacci\u00f3n a un gabinete, de una cobertura presencial a un contenido para redes, de una entrevista a una pieza multimedia o de una noticia a la gesti\u00f3n de una comunidad digital.<\/p>\n<p data-start=\"7304\" data-end=\"8000\">Desde la perspectiva de la comunicaci\u00f3n de marca aparece, adem\u00e1s, una cuesti\u00f3n particularmente interesante. El deporte contempor\u00e1neo constituye uno de los espacios donde periodismo, entretenimiento, derechos audiovisuales, patrocinio, comunidades, clubes y marcas mantienen una relaci\u00f3n m\u00e1s intensa. Precisamente por ello, formar periodistas deportivos requiere preservar la diferencia entre informar sobre ese ecosistema y formar parte de sus discursos promocionales. Cuanto m\u00e1s sofisticada es la comunicaci\u00f3n de clubes, competiciones y patrocinadores, m\u00e1s necesario resulta el criterio period\u00edstico capaz de distinguir informaci\u00f3n, inter\u00e9s corporativo, narrativa de marca y contenido comercial.<\/p>\n<h2 data-section-id=\"1qyjou8\" data-start=\"8126\" data-end=\"8156\">La universidad como cantera<\/h2>\n<p data-start=\"8158\" data-end=\"8794\">Carrera continuar\u00e1 compaginando la docencia con su actividad en el equipo de Admisiones y Promociones dirigido por Olga Morelli, dependiente del Departamento de Marketing, manteniendo as\u00ed su actividad como PTGAS mientras inicia esta nueva etapa docente y su doctorado. Sin duda, le expera un futuro prometedor.<\/p>\n<p data-start=\"8796\" data-end=\"9384\">Esto demuestra una vez m\u00e1s la estrategia actual del departamento de comunicaci\u00f3n por apostar por el talento joven, por cuidar la relaci\u00f3n con sus alumnis y por potenciar a personas que han demostrado su val\u00eda y sus valores en nuestra instituci\u00f3n.\u00a0La cantera, en este caso, no es \u00fanicamente una met\u00e1fora deportiva. Es tambi\u00e9n una determinada manera de entender el desarrollo del talento interno.<\/p>\n<p data-start=\"10753\" data-end=\"11172\">Cuando Yago Carrera vuelva a entrar en un aula de Periodismo de la CEU UAO, ocupar\u00e1 un lugar distinto al que conoci\u00f3 a\u00f1os atr\u00e1s. Habr\u00e1 pasado por la redacci\u00f3n, la comunicaci\u00f3n institucional, los contenidos digitales, la promoci\u00f3n universitaria y una formaci\u00f3n de posgrado que lo ha devuelto varias veces a la misma instituci\u00f3n desde posiciones diferentes. Ese recorrido quiz\u00e1 sea precisamente lo que puede resultar m\u00e1s \u00fatil para los estudiantes. El periodismo deportivo necesita conocer competiciones, g\u00e9neros y formatos, pero necesita tambi\u00e9n oficio, fuentes, criterio, curiosidad y la capacidad de explicar aquello que el espectador cree haber entendido porque acaba de verlo en directo.<\/p>\n<p data-start=\"11509\" data-end=\"11650\">Yago vuelve ahora al lugar donde comenz\u00f3 a formarse como periodista, aunque el campo ya no sea el mismo y \u00e9l tampoco ocupe la misma posici\u00f3n.<\/p>\n<p data-start=\"11652\" data-end=\"11704\">Esta vez, le toca ense\u00f1ar a otros a leer el partido.<\/p>\n<hr \/>\n<p data-start=\"11652\" data-end=\"11704\">Alfonso Freire,<\/p>\n<p data-start=\"11652\" data-end=\"11704\">Director del Departamento de Comunicaci\u00f3n.<\/p>\n","protected":false},"excerpt":{"rendered":"<p>Del aula a la redacci\u00f3n y de vuelta al aula: Yago Carrera se incorpora al claustro de Periodismo de la CEU UAO El periodista y&hellip;<\/p>\n","protected":false},"author":47,"featured_media":1934,"comment_status":"open","ping_status":"open","sticky":false,"template":"","format":"standard","meta":{"_acf_changed":false,"footnotes":""},"categories":[6,1,8,10],"tags":[240,818,675,135,978,979,977],"class_list":["post-1933","post","type-post","status-publish","format-standard","has-post-thumbnail","hentry","category-eventos","category-general","category-goliads","category-profesores","tag-alumni","tag-ceu-uao","tag-departamento-de-comunicacion","tag-periodismo","tag-periodismo-deportivo","tag-periodismo-especializado","tag-yago-carrera"],"acf":[],"yoast_head":"<!-- This site is optimized with the Yoast SEO plugin v27.4 - https:\/\/yoast.com\/product\/yoast-seo-wordpress\/ -->\n<title>Del aula a la redacci\u00f3n y de vuelta al aula: Yago Carrera se incorpora al claustro de Periodismo de la CEU UAO - Ci\u00e8ncies de la Comunicaci\u00f3: Publicitat i RR.PP.<\/title>\n<meta name=\"description\" content=\"Yago Carrera C\u00f3rcoles se incorpora al claustro de la CEU UAO para impartir Periodismo Deportivo dentro de Periodismo Especializado I.\" \/>\n<meta name=\"robots\" content=\"index, follow, max-snippet:-1, max-image-preview:large, max-video-preview:-1\" \/>\n<link rel=\"canonical\" href=\"https:\/\/blogs.uao.es\/publicidad-rrpp\/2026\/09\/03\/yago-carrera-profesor-periodismo-deportivo-ceu-uao\/\" \/>\n<meta property=\"og:locale\" content=\"es_ES\" \/>\n<meta property=\"og:type\" content=\"article\" \/>\n<meta property=\"og:title\" content=\"Del aula a la redacci\u00f3n y de vuelta al aula: Yago Carrera se incorpora al claustro de Periodismo de la CEU UAO - Ci\u00e8ncies de la Comunicaci\u00f3: Publicitat i RR.PP.\" \/>\n<meta property=\"og:description\" content=\"Yago Carrera C\u00f3rcoles se incorpora al claustro de la CEU UAO para impartir Periodismo Deportivo dentro de Periodismo Especializado I.\" \/>\n<meta property=\"og:url\" content=\"https:\/\/blogs.uao.es\/publicidad-rrpp\/2026\/09\/03\/yago-carrera-profesor-periodismo-deportivo-ceu-uao\/\" \/>\n<meta property=\"og:site_name\" content=\"Ci\u00e8ncies de la Comunicaci\u00f3: Publicitat i RR.PP.\" \/>\n<meta property=\"article:published_time\" content=\"2026-09-03T06:25:42+00:00\" \/>\n<meta property=\"og:image\" content=\"https:\/\/blogs.uao.es\/publicidad-rrpp\/wp-content\/uploads\/sites\/14\/2026\/09\/yago-carrera-corcoles-periodismo-deportivo-ceu-uao.png\" \/>\n\t<meta property=\"og:image:width\" content=\"1342\" \/>\n\t<meta property=\"og:image:height\" content=\"1172\" \/>\n\t<meta property=\"og:image:type\" content=\"image\/png\" \/>\n<meta name=\"author\" content=\"PublicidadRRPP\" \/>\n<meta name=\"twitter:card\" content=\"summary_large_image\" \/>\n<meta name=\"twitter:label1\" content=\"Escrito por\" \/>\n\t<meta name=\"twitter:data1\" content=\"PublicidadRRPP\" \/>\n\t<meta name=\"twitter:label2\" content=\"Tiempo de lectura\" \/>\n\t<meta name=\"twitter:data2\" content=\"6 minutos\" \/>\n<script type=\"application\/ld+json\" class=\"yoast-schema-graph\">{\"@context\":\"https:\\\/\\\/schema.org\",\"@graph\":[{\"@type\":\"Article\",\"@id\":\"https:\\\/\\\/blogs.uao.es\\\/publicidad-rrpp\\\/2026\\\/09\\\/03\\\/yago-carrera-profesor-periodismo-deportivo-ceu-uao\\\/#article\",\"isPartOf\":{\"@id\":\"https:\\\/\\\/blogs.uao.es\\\/publicidad-rrpp\\\/2026\\\/09\\\/03\\\/yago-carrera-profesor-periodismo-deportivo-ceu-uao\\\/\"},\"author\":{\"name\":\"PublicidadRRPP\",\"@id\":\"https:\\\/\\\/blogs.uao.es\\\/publicidad-rrpp\\\/#\\\/schema\\\/person\\\/4dc7a0e1a6a206fcd87a32f77d753253\"},\"headline\":\"Del aula a la redacci\u00f3n y de vuelta al aula: Yago Carrera se incorpora al claustro de Periodismo de la CEU UAO\",\"datePublished\":\"2026-09-03T06:25:42+00:00\",\"mainEntityOfPage\":{\"@id\":\"https:\\\/\\\/blogs.uao.es\\\/publicidad-rrpp\\\/2026\\\/09\\\/03\\\/yago-carrera-profesor-periodismo-deportivo-ceu-uao\\\/\"},\"wordCount\":1268,\"commentCount\":0,\"image\":{\"@id\":\"https:\\\/\\\/blogs.uao.es\\\/publicidad-rrpp\\\/2026\\\/09\\\/03\\\/yago-carrera-profesor-periodismo-deportivo-ceu-uao\\\/#primaryimage\"},\"thumbnailUrl\":\"https:\\\/\\\/blogs.uao.es\\\/publicidad-rrpp\\\/wp-content\\\/uploads\\\/sites\\\/14\\\/2026\\\/09\\\/yago-carrera-corcoles-periodismo-deportivo-ceu-uao.png\",\"keywords\":[\"alumni\",\"CEU UAO\",\"Departamento de Comunicaci\u00f3n\",\"Periodismo\",\"Periodismo Deportivo\",\"Periodismo Especializado\",\"Yago Carrera\"],\"articleSection\":[\"Eventos\",\"General\",\"Goliads\",\"Profesores\"],\"inLanguage\":\"es\",\"potentialAction\":[{\"@type\":\"CommentAction\",\"name\":\"Comment\",\"target\":[\"https:\\\/\\\/blogs.uao.es\\\/publicidad-rrpp\\\/2026\\\/09\\\/03\\\/yago-carrera-profesor-periodismo-deportivo-ceu-uao\\\/#respond\"]}]},{\"@type\":\"WebPage\",\"@id\":\"https:\\\/\\\/blogs.uao.es\\\/publicidad-rrpp\\\/2026\\\/09\\\/03\\\/yago-carrera-profesor-periodismo-deportivo-ceu-uao\\\/\",\"url\":\"https:\\\/\\\/blogs.uao.es\\\/publicidad-rrpp\\\/2026\\\/09\\\/03\\\/yago-carrera-profesor-periodismo-deportivo-ceu-uao\\\/\",\"name\":\"Del aula a la redacci\u00f3n y de vuelta al aula: Yago Carrera se incorpora al claustro de Periodismo de la CEU UAO - Ci\u00e8ncies de la Comunicaci\u00f3: Publicitat i RR.PP.\",\"isPartOf\":{\"@id\":\"https:\\\/\\\/blogs.uao.es\\\/publicidad-rrpp\\\/#website\"},\"primaryImageOfPage\":{\"@id\":\"https:\\\/\\\/blogs.uao.es\\\/publicidad-rrpp\\\/2026\\\/09\\\/03\\\/yago-carrera-profesor-periodismo-deportivo-ceu-uao\\\/#primaryimage\"},\"image\":{\"@id\":\"https:\\\/\\\/blogs.uao.es\\\/publicidad-rrpp\\\/2026\\\/09\\\/03\\\/yago-carrera-profesor-periodismo-deportivo-ceu-uao\\\/#primaryimage\"},\"thumbnailUrl\":\"https:\\\/\\\/blogs.uao.es\\\/publicidad-rrpp\\\/wp-content\\\/uploads\\\/sites\\\/14\\\/2026\\\/09\\\/yago-carrera-corcoles-periodismo-deportivo-ceu-uao.png\",\"datePublished\":\"2026-09-03T06:25:42+00:00\",\"author\":{\"@id\":\"https:\\\/\\\/blogs.uao.es\\\/publicidad-rrpp\\\/#\\\/schema\\\/person\\\/4dc7a0e1a6a206fcd87a32f77d753253\"},\"description\":\"Yago Carrera C\u00f3rcoles se incorpora al claustro de la CEU UAO para impartir Periodismo Deportivo dentro de Periodismo Especializado I.\",\"breadcrumb\":{\"@id\":\"https:\\\/\\\/blogs.uao.es\\\/publicidad-rrpp\\\/2026\\\/09\\\/03\\\/yago-carrera-profesor-periodismo-deportivo-ceu-uao\\\/#breadcrumb\"},\"inLanguage\":\"es\",\"potentialAction\":[{\"@type\":\"ReadAction\",\"target\":[\"https:\\\/\\\/blogs.uao.es\\\/publicidad-rrpp\\\/2026\\\/09\\\/03\\\/yago-carrera-profesor-periodismo-deportivo-ceu-uao\\\/\"]}]},{\"@type\":\"ImageObject\",\"inLanguage\":\"es\",\"@id\":\"https:\\\/\\\/blogs.uao.es\\\/publicidad-rrpp\\\/2026\\\/09\\\/03\\\/yago-carrera-profesor-periodismo-deportivo-ceu-uao\\\/#primaryimage\",\"url\":\"https:\\\/\\\/blogs.uao.es\\\/publicidad-rrpp\\\/wp-content\\\/uploads\\\/sites\\\/14\\\/2026\\\/09\\\/yago-carrera-corcoles-periodismo-deportivo-ceu-uao.png\",\"contentUrl\":\"https:\\\/\\\/blogs.uao.es\\\/publicidad-rrpp\\\/wp-content\\\/uploads\\\/sites\\\/14\\\/2026\\\/09\\\/yago-carrera-corcoles-periodismo-deportivo-ceu-uao.png\",\"width\":1342,\"height\":1172,\"caption\":\"Yago Carrera C\u00f3rcoles se incorpora al Departamento de Comunicaci\u00f3n de la CEU UAO para impartir Periodismo Deportivo.\"},{\"@type\":\"BreadcrumbList\",\"@id\":\"https:\\\/\\\/blogs.uao.es\\\/publicidad-rrpp\\\/2026\\\/09\\\/03\\\/yago-carrera-profesor-periodismo-deportivo-ceu-uao\\\/#breadcrumb\",\"itemListElement\":[{\"@type\":\"ListItem\",\"position\":1,\"name\":\"Home\",\"item\":\"https:\\\/\\\/blogs.uao.es\\\/publicidad-rrpp\\\/\"},{\"@type\":\"ListItem\",\"position\":2,\"name\":\"Del aula a la redacci\u00f3n y de vuelta al aula: Yago Carrera se incorpora al claustro de Periodismo de la CEU UAO\"}]},{\"@type\":\"WebSite\",\"@id\":\"https:\\\/\\\/blogs.uao.es\\\/publicidad-rrpp\\\/#website\",\"url\":\"https:\\\/\\\/blogs.uao.es\\\/publicidad-rrpp\\\/\",\"name\":\"Ci\u00e8ncies de la Comunicaci\u00f3: Publicitat i RR.PP.\",\"description\":\"UAO CEU Blog Community\",\"potentialAction\":[{\"@type\":\"SearchAction\",\"target\":{\"@type\":\"EntryPoint\",\"urlTemplate\":\"https:\\\/\\\/blogs.uao.es\\\/publicidad-rrpp\\\/?s={search_term_string}\"},\"query-input\":{\"@type\":\"PropertyValueSpecification\",\"valueRequired\":true,\"valueName\":\"search_term_string\"}}],\"inLanguage\":\"es\"},{\"@type\":\"Person\",\"@id\":\"https:\\\/\\\/blogs.uao.es\\\/publicidad-rrpp\\\/#\\\/schema\\\/person\\\/4dc7a0e1a6a206fcd87a32f77d753253\",\"name\":\"PublicidadRRPP\",\"image\":{\"@type\":\"ImageObject\",\"inLanguage\":\"es\",\"@id\":\"https:\\\/\\\/blogs.uao.es\\\/publicidad-rrpp\\\/wp-content\\\/uploads\\\/sites\\\/14\\\/2019\\\/05\\\/UAO-CEU-logo_120-x-120.png\",\"url\":\"https:\\\/\\\/blogs.uao.es\\\/publicidad-rrpp\\\/wp-content\\\/uploads\\\/sites\\\/14\\\/2019\\\/05\\\/UAO-CEU-logo_120-x-120.png\",\"contentUrl\":\"https:\\\/\\\/blogs.uao.es\\\/publicidad-rrpp\\\/wp-content\\\/uploads\\\/sites\\\/14\\\/2019\\\/05\\\/UAO-CEU-logo_120-x-120.png\",\"caption\":\"PublicidadRRPP\"},\"url\":\"https:\\\/\\\/blogs.uao.es\\\/publicidad-rrpp\\\/author\\\/alfonsofreire\\\/\"}]}<\/script>\n<!-- \/ Yoast SEO plugin. -->","yoast_head_json":{"title":"Del aula a la redacci\u00f3n y de vuelta al aula: Yago Carrera se incorpora al claustro de Periodismo de la CEU UAO - Ci\u00e8ncies de la Comunicaci\u00f3: Publicitat i RR.PP.","description":"Yago Carrera C\u00f3rcoles se incorpora al claustro de la CEU UAO para impartir Periodismo Deportivo dentro de Periodismo Especializado I.","robots":{"index":"index","follow":"follow","max-snippet":"max-snippet:-1","max-image-preview":"max-image-preview:large","max-video-preview":"max-video-preview:-1"},"canonical":"https:\/\/blogs.uao.es\/publicidad-rrpp\/2026\/09\/03\/yago-carrera-profesor-periodismo-deportivo-ceu-uao\/","og_locale":"es_ES","og_type":"article","og_title":"Del aula a la redacci\u00f3n y de vuelta al aula: Yago Carrera se incorpora al claustro de Periodismo de la CEU UAO - Ci\u00e8ncies de la Comunicaci\u00f3: Publicitat i RR.PP.","og_description":"Yago Carrera C\u00f3rcoles se incorpora al claustro de la CEU UAO para impartir Periodismo Deportivo dentro de Periodismo Especializado I.","og_url":"https:\/\/blogs.uao.es\/publicidad-rrpp\/2026\/09\/03\/yago-carrera-profesor-periodismo-deportivo-ceu-uao\/","og_site_name":"Ci\u00e8ncies de la Comunicaci\u00f3: Publicitat i RR.PP.","article_published_time":"2026-09-03T06:25:42+00:00","og_image":[{"width":1342,"height":1172,"url":"https:\/\/blogs.uao.es\/publicidad-rrpp\/wp-content\/uploads\/sites\/14\/2026\/09\/yago-carrera-corcoles-periodismo-deportivo-ceu-uao.png","type":"image\/png"}],"author":"PublicidadRRPP","twitter_card":"summary_large_image","twitter_misc":{"Escrito por":"PublicidadRRPP","Tiempo de lectura":"6 minutos"},"schema":{"@context":"https:\/\/schema.org","@graph":[{"@type":"Article","@id":"https:\/\/blogs.uao.es\/publicidad-rrpp\/2026\/09\/03\/yago-carrera-profesor-periodismo-deportivo-ceu-uao\/#article","isPartOf":{"@id":"https:\/\/blogs.uao.es\/publicidad-rrpp\/2026\/09\/03\/yago-carrera-profesor-periodismo-deportivo-ceu-uao\/"},"author":{"name":"PublicidadRRPP","@id":"https:\/\/blogs.uao.es\/publicidad-rrpp\/#\/schema\/person\/4dc7a0e1a6a206fcd87a32f77d753253"},"headline":"Del aula a la redacci\u00f3n y de vuelta al aula: Yago Carrera se incorpora al claustro de Periodismo de la CEU UAO","datePublished":"2026-09-03T06:25:42+00:00","mainEntityOfPage":{"@id":"https:\/\/blogs.uao.es\/publicidad-rrpp\/2026\/09\/03\/yago-carrera-profesor-periodismo-deportivo-ceu-uao\/"},"wordCount":1268,"commentCount":0,"image":{"@id":"https:\/\/blogs.uao.es\/publicidad-rrpp\/2026\/09\/03\/yago-carrera-profesor-periodismo-deportivo-ceu-uao\/#primaryimage"},"thumbnailUrl":"https:\/\/blogs.uao.es\/publicidad-rrpp\/wp-content\/uploads\/sites\/14\/2026\/09\/yago-carrera-corcoles-periodismo-deportivo-ceu-uao.png","keywords":["alumni","CEU UAO","Departamento de Comunicaci\u00f3n","Periodismo","Periodismo Deportivo","Periodismo Especializado","Yago Carrera"],"articleSection":["Eventos","General","Goliads","Profesores"],"inLanguage":"es","potentialAction":[{"@type":"CommentAction","name":"Comment","target":["https:\/\/blogs.uao.es\/publicidad-rrpp\/2026\/09\/03\/yago-carrera-profesor-periodismo-deportivo-ceu-uao\/#respond"]}]},{"@type":"WebPage","@id":"https:\/\/blogs.uao.es\/publicidad-rrpp\/2026\/09\/03\/yago-carrera-profesor-periodismo-deportivo-ceu-uao\/","url":"https:\/\/blogs.uao.es\/publicidad-rrpp\/2026\/09\/03\/yago-carrera-profesor-periodismo-deportivo-ceu-uao\/","name":"Del aula a la redacci\u00f3n y de vuelta al aula: Yago Carrera se incorpora al claustro de Periodismo de la CEU UAO - Ci\u00e8ncies de la Comunicaci\u00f3: Publicitat i RR.PP.","isPartOf":{"@id":"https:\/\/blogs.uao.es\/publicidad-rrpp\/#website"},"primaryImageOfPage":{"@id":"https:\/\/blogs.uao.es\/publicidad-rrpp\/2026\/09\/03\/yago-carrera-profesor-periodismo-deportivo-ceu-uao\/#primaryimage"},"image":{"@id":"https:\/\/blogs.uao.es\/publicidad-rrpp\/2026\/09\/03\/yago-carrera-profesor-periodismo-deportivo-ceu-uao\/#primaryimage"},"thumbnailUrl":"https:\/\/blogs.uao.es\/publicidad-rrpp\/wp-content\/uploads\/sites\/14\/2026\/09\/yago-carrera-corcoles-periodismo-deportivo-ceu-uao.png","datePublished":"2026-09-03T06:25:42+00:00","author":{"@id":"https:\/\/blogs.uao.es\/publicidad-rrpp\/#\/schema\/person\/4dc7a0e1a6a206fcd87a32f77d753253"},"description":"Yago Carrera C\u00f3rcoles se incorpora al claustro de la CEU UAO para impartir Periodismo Deportivo dentro de Periodismo Especializado I.","breadcrumb":{"@id":"https:\/\/blogs.uao.es\/publicidad-rrpp\/2026\/09\/03\/yago-carrera-profesor-periodismo-deportivo-ceu-uao\/#breadcrumb"},"inLanguage":"es","potentialAction":[{"@type":"ReadAction","target":["https:\/\/blogs.uao.es\/publicidad-rrpp\/2026\/09\/03\/yago-carrera-profesor-periodismo-deportivo-ceu-uao\/"]}]},{"@type":"ImageObject","inLanguage":"es","@id":"https:\/\/blogs.uao.es\/publicidad-rrpp\/2026\/09\/03\/yago-carrera-profesor-periodismo-deportivo-ceu-uao\/#primaryimage","url":"https:\/\/blogs.uao.es\/publicidad-rrpp\/wp-content\/uploads\/sites\/14\/2026\/09\/yago-carrera-corcoles-periodismo-deportivo-ceu-uao.png","contentUrl":"https:\/\/blogs.uao.es\/publicidad-rrpp\/wp-content\/uploads\/sites\/14\/2026\/09\/yago-carrera-corcoles-periodismo-deportivo-ceu-uao.png","width":1342,"height":1172,"caption":"Yago Carrera C\u00f3rcoles se incorpora al Departamento de Comunicaci\u00f3n de la CEU UAO para impartir Periodismo Deportivo."},{"@type":"BreadcrumbList","@id":"https:\/\/blogs.uao.es\/publicidad-rrpp\/2026\/09\/03\/yago-carrera-profesor-periodismo-deportivo-ceu-uao\/#breadcrumb","itemListElement":[{"@type":"ListItem","position":1,"name":"Home","item":"https:\/\/blogs.uao.es\/publicidad-rrpp\/"},{"@type":"ListItem","position":2,"name":"Del aula a la redacci\u00f3n y de vuelta al aula: Yago Carrera se incorpora al claustro de Periodismo de la CEU UAO"}]},{"@type":"WebSite","@id":"https:\/\/blogs.uao.es\/publicidad-rrpp\/#website","url":"https:\/\/blogs.uao.es\/publicidad-rrpp\/","name":"Ci\u00e8ncies de la Comunicaci\u00f3: Publicitat i RR.PP.","description":"UAO CEU Blog Community","potentialAction":[{"@type":"SearchAction","target":{"@type":"EntryPoint","urlTemplate":"https:\/\/blogs.uao.es\/publicidad-rrpp\/?s={search_term_string}"},"query-input":{"@type":"PropertyValueSpecification","valueRequired":true,"valueName":"search_term_string"}}],"inLanguage":"es"},{"@type":"Person","@id":"https:\/\/blogs.uao.es\/publicidad-rrpp\/#\/schema\/person\/4dc7a0e1a6a206fcd87a32f77d753253","name":"PublicidadRRPP","image":{"@type":"ImageObject","inLanguage":"es","@id":"https:\/\/blogs.uao.es\/publicidad-rrpp\/wp-content\/uploads\/sites\/14\/2019\/05\/UAO-CEU-logo_120-x-120.png","url":"https:\/\/blogs.uao.es\/publicidad-rrpp\/wp-content\/uploads\/sites\/14\/2019\/05\/UAO-CEU-logo_120-x-120.png","contentUrl":"https:\/\/blogs.uao.es\/publicidad-rrpp\/wp-content\/uploads\/sites\/14\/2019\/05\/UAO-CEU-logo_120-x-120.png","caption":"PublicidadRRPP"},"url":"https:\/\/blogs.uao.es\/publicidad-rrpp\/author\/alfonsofreire\/"}]}},"_links":{"self":[{"href":"https:\/\/blogs.uao.es\/publicidad-rrpp\/wp-json\/wp\/v2\/posts\/1933","targetHints":{"allow":["GET"]}}],"collection":[{"href":"https:\/\/blogs.uao.es\/publicidad-rrpp\/wp-json\/wp\/v2\/posts"}],"about":[{"href":"https:\/\/blogs.uao.es\/publicidad-rrpp\/wp-json\/wp\/v2\/types\/post"}],"author":[{"embeddable":true,"href":"https:\/\/blogs.uao.es\/publicidad-rrpp\/wp-json\/wp\/v2\/users\/47"}],"replies":[{"embeddable":true,"href":"https:\/\/blogs.uao.es\/publicidad-rrpp\/wp-json\/wp\/v2\/comments?post=1933"}],"version-history":[{"count":1,"href":"https:\/\/blogs.uao.es\/publicidad-rrpp\/wp-json\/wp\/v2\/posts\/1933\/revisions"}],"predecessor-version":[{"id":1935,"href":"https:\/\/blogs.uao.es\/publicidad-rrpp\/wp-json\/wp\/v2\/posts\/1933\/revisions\/1935"}],"wp:featuredmedia":[{"embeddable":true,"href":"https:\/\/blogs.uao.es\/publicidad-rrpp\/wp-json\/wp\/v2\/media\/1934"}],"wp:attachment":[{"href":"https:\/\/blogs.uao.es\/publicidad-rrpp\/wp-json\/wp\/v2\/media?parent=1933"}],"wp:term":[{"taxonomy":"category","embeddable":true,"href":"https:\/\/blogs.uao.es\/publicidad-rrpp\/wp-json\/wp\/v2\/categories?post=1933"},{"taxonomy":"post_tag","embeddable":true,"href":"https:\/\/blogs.uao.es\/publicidad-rrpp\/wp-json\/wp\/v2\/tags?post=1933"}],"curies":[{"name":"wp","href":"https:\/\/api.w.org\/{rel}","templated":true}]}}