{"id":1927,"date":"2026-09-03T06:17:30","date_gmt":"2026-09-03T05:17:30","guid":{"rendered":"https:\/\/blogs.uao.es\/publicidad-rrpp\/?p=1927"},"modified":"2026-09-03T06:17:30","modified_gmt":"2026-09-03T05:17:30","slug":"maria-fito-carreras-comunicacion-ceu-uao","status":"publish","type":"post","link":"https:\/\/blogs.uao.es\/publicidad-rrpp\/2026\/09\/03\/maria-fito-carreras-comunicacion-ceu-uao\/","title":{"rendered":"El departamento de comunicaci\u00f3n incorpora a Maria Fit\u00f3-Carreras para reforzar su apuesta por la investigaci\u00f3n y la docencia"},"content":{"rendered":"<h1>Maria Fit\u00f3-Carreras se incorpora al departamento de comunicaci\u00f3n<\/h1>\n<p><strong>La incorporaci\u00f3n de la Dra. Maria Fit\u00f3-Carreras al Departamento de Comunicaci\u00f3n refuerza una apuesta estrat\u00e9gica por la comunicaci\u00f3n sonora, el podcasting, el branded content, el audiobranding y una investigaci\u00f3n estrechamente conectada con la pr\u00e1ctica profesional.<\/strong><\/p>\n<p>Su incorporaci\u00f3n al Departamento, una apuesta de personal de su director, Alfonso Freire, consolida una relaci\u00f3n docente que comenz\u00f3 hace tres cursos, cuando se incorpor\u00f3 como profesora asociada en asignaturas como Llengua per a Comunicadors y Comunicaci\u00f3n Sonora. Durante ese tiempo ha podido conocer desde dentro al alumnado, las din\u00e1micas docentes y el proyecto acad\u00e9mico del Departamento; ahora, ese v\u00ednculo adquiere otra dimensi\u00f3n al integrarse plenamente en el equipo.<\/p>\n<p>La llegada de <a href=\"https:\/\/orcid.org\/0000-0002-0500-4006\" target=\"_blank\" rel=\"noopener\">Fit\u00f3-Carreras<\/a> ampl\u00eda especialmente una frecuencia que el crecimiento del p\u00f3dcast, el <em>branded content<\/em>, la identidad sonora y las nuevas formas de comunicaci\u00f3n por voz han convertido en un fen\u00f3meno dif\u00edcil de ignorar.<\/p>\n<figure id=\"attachment_1931\" aria-describedby=\"caption-attachment-1931\" style=\"width: 2000px\" class=\"wp-caption aligncenter\"><img loading=\"lazy\" decoding=\"async\" class=\"size-full wp-image-1931\" src=\"https:\/\/blogs.uao.es\/publicidad-rrpp\/wp-content\/uploads\/sites\/14\/2026\/09\/maria-fito-carreras-comunicacion-ceu-uao.jpg\" alt=\"Maria Fit\u00f3-Carreras, profesora del Departamento de Comunicaci\u00f3n de la Universitat Abat Oliba CEU\" width=\"2000\" height=\"2000\" srcset=\"https:\/\/blogs.uao.es\/publicidad-rrpp\/wp-content\/uploads\/sites\/14\/2026\/09\/maria-fito-carreras-comunicacion-ceu-uao.jpg 2000w, https:\/\/blogs.uao.es\/publicidad-rrpp\/wp-content\/uploads\/sites\/14\/2026\/09\/maria-fito-carreras-comunicacion-ceu-uao-270x270.jpg 270w, https:\/\/blogs.uao.es\/publicidad-rrpp\/wp-content\/uploads\/sites\/14\/2026\/09\/maria-fito-carreras-comunicacion-ceu-uao-1024x1024.jpg 1024w, https:\/\/blogs.uao.es\/publicidad-rrpp\/wp-content\/uploads\/sites\/14\/2026\/09\/maria-fito-carreras-comunicacion-ceu-uao-768x768.jpg 768w, https:\/\/blogs.uao.es\/publicidad-rrpp\/wp-content\/uploads\/sites\/14\/2026\/09\/maria-fito-carreras-comunicacion-ceu-uao-1536x1536.jpg 1536w\" sizes=\"auto, (max-width: 2000px) 100vw, 2000px\" \/><figcaption id=\"caption-attachment-1931\" class=\"wp-caption-text\">La Dra. Maria Fit\u00f3-Carreras se incorpora a jornada completa al Departamento de Comunicaci\u00f3n de la Universitat Abat Oliba CEU.<\/figcaption><\/figure>\n<h2>La comunicaci\u00f3n tambi\u00e9n suena<\/h2>\n<p>Durante demasiado tiempo, una parte importante de la comunicaci\u00f3n de marca ha vivido bajo una especie de hegemon\u00eda de lo visual. Identidades gr\u00e1ficas, logotipos, colores, tipograf\u00edas, interfaces, piezas audiovisuales y universos est\u00e9ticos han ocupado buena parte del espacio desde el que pensamos el branding. El problema aparece cuando confundimos aquello que vemos con todo aquello que una marca es capaz de expresar.<\/p>\n<p>Las marcas tambi\u00e9n tienen voz, ritmo, pausas, m\u00fasicas, ambientes, silencios y paisajes sonoros. Pueden reconocerse antes de ser vistas y construir significado incluso cuando la pantalla desaparece. Precisamente ah\u00ed se sit\u00faa <strong>una parte importante de la trayectoria acad\u00e9mica y profesional de Maria Fit\u00f3-Carreras, especializada en publicidad sonora, radio, podcasting, audiobranding y locuci\u00f3n.<\/strong><\/p>\n<p>No estamos hablando \u00fanicamente de incorporar conocimiento t\u00e9cnico sobre c\u00f3mo producir un p\u00f3dcast. El verdadero inter\u00e9s reside en comprender qu\u00e9 puede hacer el sonido dentro de una estrategia de comunicaci\u00f3n, c\u00f3mo se integra una marca en una narrativa sin destruirla, qu\u00e9 relaci\u00f3n existe entre voz e identidad, de qu\u00e9 manera la m\u00fasica puede funcionar como territorio simb\u00f3lico o hasta qu\u00e9 punto el auge del <em>podcasting<\/em> est\u00e1 alterando unas fronteras que durante d\u00e9cadas parec\u00edan relativamente estables entre radio, publicidad, entretenimiento y contenido de marca.<\/p>\n<p>Parte de estas cuestiones vertebran ya la investigaci\u00f3n de Fit\u00f3-Carreras. Sus trabajos han analizado la idoneidad de la radio y el p\u00f3dcast para desarrollar estrategias de <em>branded content<\/em> (Fit\u00f3-Carreras, Vidal-Mestre, &amp; M\u00e9ndiz-Noguero, 2024), las formas mediante las que una marca puede integrarse en un <em>branded podcast<\/em> de ficci\u00f3n sin deteriorar la experiencia inmersiva del oyente (Fit\u00f3-Carreras, 2025a) o la clasificaci\u00f3n de estos contenidos en funci\u00f3n de la presencia que adquiere la marca dentro de la propia narrativa (Fit\u00f3-Carreras, M\u00e9ndiz-Noguero, &amp; Vidal-Mestre, 2024).<\/p>\n<p><strong>Esta mirada tambi\u00e9n procede del terreno profesional, ya que Fit\u00f3-Carreras ha trabajado como productora publicitaria especializada en medios sonoros y fue directora creativa de <em>Sonidos que nos transforman<\/em><\/strong>, proyecto desarrollado para Endesa y vinculado a God\u00f3 Strategies, que convirti\u00f3 el sonido inmersivo en el eje de una experiencia de <em>branded content<\/em> mediante t\u00e9cnicas como grabaci\u00f3n binaural, ASMR, posicionamiento tridimensional, dise\u00f1o de voz, m\u00fasica generativa y efectos sonoros. La propia BCMA document\u00f3 el proyecto <em>Transformadores<\/em> como un caso transmedia en el que v\u00eddeo y p\u00f3dcast funcionaban como piezas centrales de la estrategia de marca (BCMA Spain, 2022).<\/p>\n<p>Ese puente entre profesi\u00f3n e investigaci\u00f3n resulta particularmente relevante para nuestras titulaciones de Comunicaci\u00f3n ya que la industria genera fen\u00f3menos antes de que la academia haya terminado de ponerles nombre; la universidad, a su vez, dispone de las herramientas necesarias para observarlos con distancia, clasificarlos, cuestionarlos y comprender qu\u00e9 permanece cuando desaparece la novedad tecnol\u00f3gica. Cuando ambas miradas se encuentran, el aula deja de ser una frontera entre dos mundos y puede convertirse en un laboratorio. Por tanto, hablamos de un perfil que conecta varias \u00e1reas que est\u00e1n ganando peso dentro de la comunicaci\u00f3n contempor\u00e1nea: sonido, podcasting, audiobranding, branded content, lenguaje e investigaci\u00f3n.<\/p>\n<h2>Una incorporaci\u00f3n que tambi\u00e9n refuerza la investigaci\u00f3n<\/h2>\n<p><strong>La dimensi\u00f3n investigadora constituye el otro gran eje de la incorporaci\u00f3n de Fit\u00f3. Actualmente, ya posee 26 publicaciones incluyendo art\u00edculos revistas Q1 y Q2<\/strong> como <em>Games and Culture<\/em>, <em>Radio Journal<\/em>, <em>Estudios sobre el Mensaje Period\u00edstico<\/em>, <em>Communication &amp; Society<\/em>, <em>Gr\u00e1fica<\/em>, <em>Cuadernos.info,<\/em>\u00a0<em>Doxa Comunicaci\u00f3n<\/em>, entre otras.<\/p>\n<p>En 2025 public\u00f3 adem\u00e1s <em>La despublicidad. El branded content en la radio y el podcasting<\/em>, obra editada por Tirant Humanidades en la que traslada al \u00e1mbito divulgativo y profesional buena parte de su especializaci\u00f3n en comunicaci\u00f3n de marca y medios sonoros (Fit\u00f3-Carreras, 2025b). Su actividad investigadora se extiende tambi\u00e9n al proyecto I+D+i ESCUCHAD.es, dedicado al estudio de la industria cultural del audio digital en Espa\u00f1a, y forma parte de la Academia de las Artes, las Ciencias y la Industria del Audio en Espa\u00f1ol.<\/p>\n<p>Mar\u00eda tambi\u00e9n es parte del equipo de investigaci\u00f3n de de REPRAESENTATIO, \u00abRepresentaci\u00f3n de la salud mental en los videojuegos: desestigmatizaci\u00f3n, inclusi\u00f3n y diversidad sociocultural\u00bb (PID2025-175997OA-I00), financiado en el marco de la convocatoria 2025 de Proyectos de Generaci\u00f3n de Conocimiento de la Agencia Estatal de Investigaci\u00f3n. Asimismo, es parte del equipo del proyecto de <a href=\"https:\/\/blogs.uao.es\/publicidad-rrpp\/2026\/07\/05\/actua-otro-proyecto-de-innovacion-docente-impulsado-desde-comunicacion\/\" target=\"_blank\" rel=\"noopener\">innovaci\u00f3n docente ACT\u00daA<\/a>, financiado para el desarrollo de nuevas metodolog\u00edas y estrategias de innovaci\u00f3n en el \u00e1mbito universitario. Ambos proyectos liderados por Alfonso Freire.<\/p>\n<p>Existe, adem\u00e1s, un dato que ayuda a comprender por qu\u00e9 esta incorporaci\u00f3n posee una l\u00f3gica que va mucho m\u00e1s all\u00e1 de cubrir necesidades docentes. Actualmente, existen <strong>17 publicaciones en colaboraci\u00f3n entre Maria Fit\u00f3-Carreras y otros miembros del departamento,<\/strong>\u00a0por lo que la relaci\u00f3n acad\u00e9mica, por tanto, precede ampliamente a la incorporaci\u00f3n institucional.<\/p>\n<p>Entre estas publicaciones conjuntas, se estudiantes cuestiones relacionadas con la publicidad radiof\u00f3nica, el <em>podcasting<\/em>, las narrativas audiovisuales, el <em>true crime<\/em>, las adaptaciones de videojuegos o la identidad cultural de la ficci\u00f3n audiovisual, entre otras l\u00edneas. Asimismo, la incorporaci\u00f3n de Mar\u00eda tambi\u00e9n es una clara apuesta del departamento por la paridad, a lo que se suma la incorporaci\u00f3n de Roser Serra y el <em>impasse<\/em> de media jornada a jornada completa de Sasha Molotkova, ambas el curso pasado.<\/p>\n<h2>Competir tambi\u00e9n significa atraer conocimiento<\/h2>\n<p>Existe finalmente una lectura estrat\u00e9gica que ser\u00eda ingenuo ignorar, ya que Fit\u00f3-Carreras ha desarrollado una parte relevante de su etapa acad\u00e9mica reciente en la Facultad de Ciencias de la Comunicaci\u00f3n de UIC Barcelona, instituci\u00f3n en la que ha sido docente e investigadora y desde la que ha consolidado buena parte de sus l\u00edneas sobre radio, <em>podcasting<\/em> y comunicaci\u00f3n de marca. En este sentido, la universidad, como cualquier ecosistema dedicado al conocimiento, tambi\u00e9n compite por atraer investigadores, docentes, proyectos y perfiles profesionales capaces de diferenciar una propuesta acad\u00e9mica. Incorporar talento procedente de otra facultad de Comunicaci\u00f3n de Barcelona puede leerse, desde esta perspectiva, como una decisi\u00f3n de posicionamiento.<\/p>\n<p><strong>La estrategia del Departamento de Comunicaci\u00f3n de la CEU UAO es retener nuestro talento pero tambi\u00e9n atraer talento externo<\/strong> gracias a la buena salud de nuestras titulaciones de grado, <a href=\"https:\/\/www.uaoceu.es\/grado-en-publicidad-y-rr-pp\" target=\"_blank\" rel=\"noopener\">Publicidad y RRPP<\/a>, y <a href=\"https:\/\/www.uaoceu.es\/grado-en-periodismo\" target=\"_blank\" rel=\"noopener\">Periodismo<\/a>, al gran equipo docente, al crecimiento exponencial de la investigaci\u00f3n en el departamento, y al proyecto institucional del CEU y de nuestra universidad.<\/p>\n<p>Porque un departamento de Comunicaci\u00f3n se hace m\u00e1s fuerte cuando incorpora nuevas maneras de observar un fen\u00f3meno que cre\u00edamos conocer, cuando conecta la experiencia profesional con la investigaci\u00f3n, cuando lleva esa investigaci\u00f3n al aula y cuando consigue que sus estudiantes descubran que comunicar no consiste \u00fanicamente en producir mensajes, tambi\u00e9n exige entender qu\u00e9 significan, c\u00f3mo est\u00e1n construidos, qu\u00e9 memoria activan y qu\u00e9 relaci\u00f3n establecen con quienes los reciben.<\/p>\n<p>&nbsp;<\/p>\n<h2>Referencias<\/h2>\n<p>BCMA Spain. (2022). <em>Transformadores. God\u00f3 Strategies para Endesa<\/em>. BCMA. <a href=\"https:\/\/bcma.es\/studies\/transformadores?utm_source=chatgpt.com\">Caso Transformadores en BCMA<\/a><\/p>\n<p>Fit\u00f3-Carreras, M. (2025a). An\u00e1lisis de la integraci\u00f3n de la marca en el <em>branded p\u00f3dcast<\/em> de ficci\u00f3n. <em>Estudios sobre el Mensaje Period\u00edstico, 31<\/em>(2), 501\u2013511. <a href=\"https:\/\/doi.org\/10.5209\/emp.99476?utm_source=chatgpt.com\">DOI 10.5209\/emp.99476<\/a><\/p>\n<p>Fit\u00f3-Carreras, M. (2025b). <em>La despublicidad: El branded content en la radio y el podcasting<\/em>. Tirant Humanidades.<\/p>\n<p>Fit\u00f3-Carreras, M., M\u00e9ndiz-Noguero, A., &amp; Vidal-Mestre, M. (2024). Branded podcast classification proposal based on brand presence in the narrative: From brand-free to persuasive. <em>Communication &amp; Society, 37<\/em>(3), 161\u2013176. <a href=\"https:\/\/doi.org\/10.15581\/003.37.3.161-176?utm_source=chatgpt.com\">DOI 10.15581\/003.37.3.161-176<\/a><\/p>\n<p>Fit\u00f3-Carreras, M., Vidal-Mestre, M., &amp; Freire-S\u00e1nchez, A. (2025). Calidad de la publicidad radiof\u00f3nica en Espa\u00f1a: El impacto de los perfiles profesionales y las din\u00e1micas laborales. <em>Doxa Comunicaci\u00f3n, 40<\/em>, 493\u2013512. <a href=\"https:\/\/doi.org\/10.31921\/doxacom.n40a2654?utm_source=chatgpt.com\">DOI 10.31921\/doxacom.n40a2654<\/a><\/p>\n<p>Fit\u00f3-Carreras, M., Vidal-Mestre, M., &amp; M\u00e9ndiz-Noguero, A. (2024). El branded content en el medio sonoro: Estudio comparativo de su idoneidad en la radio frente al podcasting. <em>Revista de Comunicaci\u00f3n, 23<\/em>(2), 73\u201390. <a href=\"https:\/\/doi.org\/10.26441\/RC23.2-2024-3494?utm_source=chatgpt.com\">DOI 10.26441\/RC23.2-2024-3494<\/a><\/p>\n<p>Universitat Abat Oliba CEU. (2026a). <em>Mar\u00eda Fit\u00f3 Carreras: Colaboraci\u00f3n<\/em>. Portal de Investigaci\u00f3n. <a href=\"https:\/\/investigacion.uaoceu.es\/investigadores\/2232301\/colaboracion?utm_source=chatgpt.com\">Perfil de colaboraci\u00f3n<\/a><\/p>\n<p>Universitat Abat Oliba CEU. (2026b). <em>Mar\u00eda Fit\u00f3 Carreras: Publicaciones<\/em>. Portal de Investigaci\u00f3n. <a href=\"https:\/\/investigacion.uaoceu.es\/investigadores\/2232301\/publicaciones?utm_source=chatgpt.com\">Perfil de publicaciones<\/a><\/p>\n<p>Universitat Abat Oliba CEU. (2026c). <em>Departamento de Comunicaci\u00f3n<\/em>. Portal de Investigaci\u00f3n. <a href=\"https:\/\/investigacion.uaoceu.es\/unidades\/41219\/detalle?utm_source=chatgpt.com\">Departamento de Comunicaci\u00f3n<\/a><\/p>\n<p><em>La profesora Mar\u00eda Fit\u00f3 lidera un estudio sobre el fen\u00f3meno de las brand playlists<\/em>. <a href=\"https:\/\/www.uic.es\/es\/noticia\/la-profesora-maria-fito-lidera-un-estudio-sobre-el-fenomeno-de-las-brand-playlists?utm_source=chatgpt.com\" target=\"_blank\" rel=\"noopener\">Consultar fuente<\/a><\/p>\n<p><em>La profesora Mar\u00eda Fit\u00f3 analiza el formato del videop\u00f3dcast en el D\u00eda Mundial de la Radio<\/em>. <a href=\"https:\/\/www.uic.es\/es\/noticia\/la-profesora-maria-fito-analiza-el-formato-del-videopodcast-en-el-dia-mundial-de-la-radio?utm_source=chatgpt.com\" target=\"_blank\" rel=\"noopener\">Consultar fuente<\/a><\/p>\n","protected":false},"excerpt":{"rendered":"<p>Maria Fit\u00f3-Carreras se incorpora al departamento de comunicaci\u00f3n La incorporaci\u00f3n de la Dra. Maria Fit\u00f3-Carreras al Departamento de Comunicaci\u00f3n refuerza una apuesta estrat\u00e9gica por la&hellip;<\/p>\n","protected":false},"author":47,"featured_media":1931,"comment_status":"open","ping_status":"open","sticky":false,"template":"","format":"standard","meta":{"_acf_changed":false,"footnotes":""},"categories":[1,9,10],"tags":[968,46,967,972,966,974,970,786,976,971,697,973,969,975],"class_list":["post-1927","post","type-post","status-publish","format-standard","has-post-thumbnail","hentry","category-general","category-noticias","category-profesores","tag-audiobranding","tag-branded-content","tag-comunicacion-sonora","tag-comunicacion-sonora-ceu-uao","tag-departamento-de-comunicacion-ceu-uao","tag-investigacion-en-audiobranding","tag-lenguaje-y-comunicacion","tag-maria-fito-carreras","tag-maria-fito-carreras-branded-content","tag-maria-fito-carreras-departamento-de-comunicacion","tag-podcasting","tag-podcasting-y-branded-content-universidad","tag-publicidad-sonora","tag-publicidad-sonora-y-podcasting"],"acf":[],"yoast_head":"<!-- This site is optimized with the Yoast SEO plugin v27.4 - https:\/\/yoast.com\/product\/yoast-seo-wordpress\/ -->\n<title>El departamento de comunicaci\u00f3n incorpora a Maria Fit\u00f3-Carreras para reforzar su apuesta por la investigaci\u00f3n y la docencia - Ci\u00e8ncies de la Comunicaci\u00f3: Publicitat i RR.PP.<\/title>\n<meta name=\"description\" content=\"Maria Fit\u00f3-Carreras se incorpora al Departamento de Comunicaci\u00f3n de la CEU UAO para reforzar audio, podcasting, branded content e investigaci\u00f3n.\" \/>\n<meta name=\"robots\" content=\"index, follow, max-snippet:-1, max-image-preview:large, max-video-preview:-1\" \/>\n<link rel=\"canonical\" href=\"https:\/\/blogs.uao.es\/publicidad-rrpp\/2026\/09\/03\/maria-fito-carreras-comunicacion-ceu-uao\/\" \/>\n<meta property=\"og:locale\" content=\"es_ES\" \/>\n<meta property=\"og:type\" content=\"article\" \/>\n<meta property=\"og:title\" content=\"El departamento de comunicaci\u00f3n incorpora a Maria Fit\u00f3-Carreras para reforzar su apuesta por la investigaci\u00f3n y la docencia - Ci\u00e8ncies de la Comunicaci\u00f3: Publicitat i RR.PP.\" \/>\n<meta property=\"og:description\" content=\"Maria Fit\u00f3-Carreras se incorpora al Departamento de Comunicaci\u00f3n de la CEU UAO para reforzar audio, podcasting, branded content e investigaci\u00f3n.\" \/>\n<meta property=\"og:url\" content=\"https:\/\/blogs.uao.es\/publicidad-rrpp\/2026\/09\/03\/maria-fito-carreras-comunicacion-ceu-uao\/\" \/>\n<meta property=\"og:site_name\" content=\"Ci\u00e8ncies de la Comunicaci\u00f3: Publicitat i RR.PP.\" \/>\n<meta property=\"article:published_time\" content=\"2026-09-03T05:17:30+00:00\" \/>\n<meta property=\"og:image\" content=\"https:\/\/blogs.uao.es\/publicidad-rrpp\/wp-content\/uploads\/sites\/14\/2026\/09\/maria-fito-carreras-comunicacion-ceu-uao.jpg\" \/>\n\t<meta property=\"og:image:width\" content=\"2000\" \/>\n\t<meta property=\"og:image:height\" content=\"2000\" \/>\n\t<meta property=\"og:image:type\" content=\"image\/jpeg\" \/>\n<meta name=\"author\" content=\"PublicidadRRPP\" \/>\n<meta name=\"twitter:card\" content=\"summary_large_image\" \/>\n<meta name=\"twitter:label1\" content=\"Escrito por\" \/>\n\t<meta name=\"twitter:data1\" content=\"PublicidadRRPP\" \/>\n\t<meta name=\"twitter:label2\" content=\"Tiempo de lectura\" \/>\n\t<meta name=\"twitter:data2\" content=\"8 minutos\" \/>\n<script type=\"application\/ld+json\" class=\"yoast-schema-graph\">{\"@context\":\"https:\\\/\\\/schema.org\",\"@graph\":[{\"@type\":\"Article\",\"@id\":\"https:\\\/\\\/blogs.uao.es\\\/publicidad-rrpp\\\/2026\\\/09\\\/03\\\/maria-fito-carreras-comunicacion-ceu-uao\\\/#article\",\"isPartOf\":{\"@id\":\"https:\\\/\\\/blogs.uao.es\\\/publicidad-rrpp\\\/2026\\\/09\\\/03\\\/maria-fito-carreras-comunicacion-ceu-uao\\\/\"},\"author\":{\"name\":\"PublicidadRRPP\",\"@id\":\"https:\\\/\\\/blogs.uao.es\\\/publicidad-rrpp\\\/#\\\/schema\\\/person\\\/4dc7a0e1a6a206fcd87a32f77d753253\"},\"headline\":\"El departamento de comunicaci\u00f3n incorpora a Maria Fit\u00f3-Carreras para reforzar su apuesta por la investigaci\u00f3n y la docencia\",\"datePublished\":\"2026-09-03T05:17:30+00:00\",\"mainEntityOfPage\":{\"@id\":\"https:\\\/\\\/blogs.uao.es\\\/publicidad-rrpp\\\/2026\\\/09\\\/03\\\/maria-fito-carreras-comunicacion-ceu-uao\\\/\"},\"wordCount\":1649,\"commentCount\":0,\"image\":{\"@id\":\"https:\\\/\\\/blogs.uao.es\\\/publicidad-rrpp\\\/2026\\\/09\\\/03\\\/maria-fito-carreras-comunicacion-ceu-uao\\\/#primaryimage\"},\"thumbnailUrl\":\"https:\\\/\\\/blogs.uao.es\\\/publicidad-rrpp\\\/wp-content\\\/uploads\\\/sites\\\/14\\\/2026\\\/09\\\/maria-fito-carreras-comunicacion-ceu-uao.jpg\",\"keywords\":[\"audiobranding\",\"Branded Content\",\"comunicaci\u00f3n sonora\",\"comunicaci\u00f3n sonora CEU UAO\",\"Departamento de Comunicaci\u00f3n CEU UAO\",\"investigaci\u00f3n en audiobranding\",\"lenguaje y comunicaci\u00f3n\",\"Maria Fit\u00f3-Carreras\",\"Maria Fit\u00f3-Carreras branded content\",\"Maria Fit\u00f3-Carreras Departamento de Comunicaci\u00f3n\",\"podcasting\",\"podcasting y branded content universidad\",\"publicidad sonora\",\"publicidad sonora y podcasting\"],\"articleSection\":[\"General\",\"Noticias\",\"Profesores\"],\"inLanguage\":\"es\",\"potentialAction\":[{\"@type\":\"CommentAction\",\"name\":\"Comment\",\"target\":[\"https:\\\/\\\/blogs.uao.es\\\/publicidad-rrpp\\\/2026\\\/09\\\/03\\\/maria-fito-carreras-comunicacion-ceu-uao\\\/#respond\"]}]},{\"@type\":\"WebPage\",\"@id\":\"https:\\\/\\\/blogs.uao.es\\\/publicidad-rrpp\\\/2026\\\/09\\\/03\\\/maria-fito-carreras-comunicacion-ceu-uao\\\/\",\"url\":\"https:\\\/\\\/blogs.uao.es\\\/publicidad-rrpp\\\/2026\\\/09\\\/03\\\/maria-fito-carreras-comunicacion-ceu-uao\\\/\",\"name\":\"El departamento de comunicaci\u00f3n incorpora a Maria Fit\u00f3-Carreras para reforzar su apuesta por la investigaci\u00f3n y la docencia - Ci\u00e8ncies de la Comunicaci\u00f3: Publicitat i RR.PP.\",\"isPartOf\":{\"@id\":\"https:\\\/\\\/blogs.uao.es\\\/publicidad-rrpp\\\/#website\"},\"primaryImageOfPage\":{\"@id\":\"https:\\\/\\\/blogs.uao.es\\\/publicidad-rrpp\\\/2026\\\/09\\\/03\\\/maria-fito-carreras-comunicacion-ceu-uao\\\/#primaryimage\"},\"image\":{\"@id\":\"https:\\\/\\\/blogs.uao.es\\\/publicidad-rrpp\\\/2026\\\/09\\\/03\\\/maria-fito-carreras-comunicacion-ceu-uao\\\/#primaryimage\"},\"thumbnailUrl\":\"https:\\\/\\\/blogs.uao.es\\\/publicidad-rrpp\\\/wp-content\\\/uploads\\\/sites\\\/14\\\/2026\\\/09\\\/maria-fito-carreras-comunicacion-ceu-uao.jpg\",\"datePublished\":\"2026-09-03T05:17:30+00:00\",\"author\":{\"@id\":\"https:\\\/\\\/blogs.uao.es\\\/publicidad-rrpp\\\/#\\\/schema\\\/person\\\/4dc7a0e1a6a206fcd87a32f77d753253\"},\"description\":\"Maria Fit\u00f3-Carreras se incorpora al Departamento de Comunicaci\u00f3n de la CEU UAO para reforzar audio, podcasting, branded content e investigaci\u00f3n.\",\"breadcrumb\":{\"@id\":\"https:\\\/\\\/blogs.uao.es\\\/publicidad-rrpp\\\/2026\\\/09\\\/03\\\/maria-fito-carreras-comunicacion-ceu-uao\\\/#breadcrumb\"},\"inLanguage\":\"es\",\"potentialAction\":[{\"@type\":\"ReadAction\",\"target\":[\"https:\\\/\\\/blogs.uao.es\\\/publicidad-rrpp\\\/2026\\\/09\\\/03\\\/maria-fito-carreras-comunicacion-ceu-uao\\\/\"]}]},{\"@type\":\"ImageObject\",\"inLanguage\":\"es\",\"@id\":\"https:\\\/\\\/blogs.uao.es\\\/publicidad-rrpp\\\/2026\\\/09\\\/03\\\/maria-fito-carreras-comunicacion-ceu-uao\\\/#primaryimage\",\"url\":\"https:\\\/\\\/blogs.uao.es\\\/publicidad-rrpp\\\/wp-content\\\/uploads\\\/sites\\\/14\\\/2026\\\/09\\\/maria-fito-carreras-comunicacion-ceu-uao.jpg\",\"contentUrl\":\"https:\\\/\\\/blogs.uao.es\\\/publicidad-rrpp\\\/wp-content\\\/uploads\\\/sites\\\/14\\\/2026\\\/09\\\/maria-fito-carreras-comunicacion-ceu-uao.jpg\",\"width\":2000,\"height\":2000,\"caption\":\"La Dra. Maria Fit\u00f3-Carreras se incorpora a jornada completa al Departamento de Comunicaci\u00f3n de la Universitat Abat Oliba CEU.\"},{\"@type\":\"BreadcrumbList\",\"@id\":\"https:\\\/\\\/blogs.uao.es\\\/publicidad-rrpp\\\/2026\\\/09\\\/03\\\/maria-fito-carreras-comunicacion-ceu-uao\\\/#breadcrumb\",\"itemListElement\":[{\"@type\":\"ListItem\",\"position\":1,\"name\":\"Home\",\"item\":\"https:\\\/\\\/blogs.uao.es\\\/publicidad-rrpp\\\/\"},{\"@type\":\"ListItem\",\"position\":2,\"name\":\"El departamento de comunicaci\u00f3n incorpora a Maria Fit\u00f3-Carreras para reforzar su apuesta por la investigaci\u00f3n y la docencia\"}]},{\"@type\":\"WebSite\",\"@id\":\"https:\\\/\\\/blogs.uao.es\\\/publicidad-rrpp\\\/#website\",\"url\":\"https:\\\/\\\/blogs.uao.es\\\/publicidad-rrpp\\\/\",\"name\":\"Ci\u00e8ncies de la Comunicaci\u00f3: Publicitat i RR.PP.\",\"description\":\"UAO CEU Blog Community\",\"potentialAction\":[{\"@type\":\"SearchAction\",\"target\":{\"@type\":\"EntryPoint\",\"urlTemplate\":\"https:\\\/\\\/blogs.uao.es\\\/publicidad-rrpp\\\/?s={search_term_string}\"},\"query-input\":{\"@type\":\"PropertyValueSpecification\",\"valueRequired\":true,\"valueName\":\"search_term_string\"}}],\"inLanguage\":\"es\"},{\"@type\":\"Person\",\"@id\":\"https:\\\/\\\/blogs.uao.es\\\/publicidad-rrpp\\\/#\\\/schema\\\/person\\\/4dc7a0e1a6a206fcd87a32f77d753253\",\"name\":\"PublicidadRRPP\",\"image\":{\"@type\":\"ImageObject\",\"inLanguage\":\"es\",\"@id\":\"https:\\\/\\\/blogs.uao.es\\\/publicidad-rrpp\\\/wp-content\\\/uploads\\\/sites\\\/14\\\/2019\\\/05\\\/UAO-CEU-logo_120-x-120.png\",\"url\":\"https:\\\/\\\/blogs.uao.es\\\/publicidad-rrpp\\\/wp-content\\\/uploads\\\/sites\\\/14\\\/2019\\\/05\\\/UAO-CEU-logo_120-x-120.png\",\"contentUrl\":\"https:\\\/\\\/blogs.uao.es\\\/publicidad-rrpp\\\/wp-content\\\/uploads\\\/sites\\\/14\\\/2019\\\/05\\\/UAO-CEU-logo_120-x-120.png\",\"caption\":\"PublicidadRRPP\"},\"url\":\"https:\\\/\\\/blogs.uao.es\\\/publicidad-rrpp\\\/author\\\/alfonsofreire\\\/\"}]}<\/script>\n<!-- \/ Yoast SEO plugin. -->","yoast_head_json":{"title":"El departamento de comunicaci\u00f3n incorpora a Maria Fit\u00f3-Carreras para reforzar su apuesta por la investigaci\u00f3n y la docencia - Ci\u00e8ncies de la Comunicaci\u00f3: Publicitat i RR.PP.","description":"Maria Fit\u00f3-Carreras se incorpora al Departamento de Comunicaci\u00f3n de la CEU UAO para reforzar audio, podcasting, branded content e investigaci\u00f3n.","robots":{"index":"index","follow":"follow","max-snippet":"max-snippet:-1","max-image-preview":"max-image-preview:large","max-video-preview":"max-video-preview:-1"},"canonical":"https:\/\/blogs.uao.es\/publicidad-rrpp\/2026\/09\/03\/maria-fito-carreras-comunicacion-ceu-uao\/","og_locale":"es_ES","og_type":"article","og_title":"El departamento de comunicaci\u00f3n incorpora a Maria Fit\u00f3-Carreras para reforzar su apuesta por la investigaci\u00f3n y la docencia - Ci\u00e8ncies de la Comunicaci\u00f3: Publicitat i RR.PP.","og_description":"Maria Fit\u00f3-Carreras se incorpora al Departamento de Comunicaci\u00f3n de la CEU UAO para reforzar audio, podcasting, branded content e investigaci\u00f3n.","og_url":"https:\/\/blogs.uao.es\/publicidad-rrpp\/2026\/09\/03\/maria-fito-carreras-comunicacion-ceu-uao\/","og_site_name":"Ci\u00e8ncies de la Comunicaci\u00f3: Publicitat i RR.PP.","article_published_time":"2026-09-03T05:17:30+00:00","og_image":[{"width":2000,"height":2000,"url":"https:\/\/blogs.uao.es\/publicidad-rrpp\/wp-content\/uploads\/sites\/14\/2026\/09\/maria-fito-carreras-comunicacion-ceu-uao.jpg","type":"image\/jpeg"}],"author":"PublicidadRRPP","twitter_card":"summary_large_image","twitter_misc":{"Escrito por":"PublicidadRRPP","Tiempo de lectura":"8 minutos"},"schema":{"@context":"https:\/\/schema.org","@graph":[{"@type":"Article","@id":"https:\/\/blogs.uao.es\/publicidad-rrpp\/2026\/09\/03\/maria-fito-carreras-comunicacion-ceu-uao\/#article","isPartOf":{"@id":"https:\/\/blogs.uao.es\/publicidad-rrpp\/2026\/09\/03\/maria-fito-carreras-comunicacion-ceu-uao\/"},"author":{"name":"PublicidadRRPP","@id":"https:\/\/blogs.uao.es\/publicidad-rrpp\/#\/schema\/person\/4dc7a0e1a6a206fcd87a32f77d753253"},"headline":"El departamento de comunicaci\u00f3n incorpora a Maria Fit\u00f3-Carreras para reforzar su apuesta por la investigaci\u00f3n y la docencia","datePublished":"2026-09-03T05:17:30+00:00","mainEntityOfPage":{"@id":"https:\/\/blogs.uao.es\/publicidad-rrpp\/2026\/09\/03\/maria-fito-carreras-comunicacion-ceu-uao\/"},"wordCount":1649,"commentCount":0,"image":{"@id":"https:\/\/blogs.uao.es\/publicidad-rrpp\/2026\/09\/03\/maria-fito-carreras-comunicacion-ceu-uao\/#primaryimage"},"thumbnailUrl":"https:\/\/blogs.uao.es\/publicidad-rrpp\/wp-content\/uploads\/sites\/14\/2026\/09\/maria-fito-carreras-comunicacion-ceu-uao.jpg","keywords":["audiobranding","Branded Content","comunicaci\u00f3n sonora","comunicaci\u00f3n sonora CEU UAO","Departamento de Comunicaci\u00f3n CEU UAO","investigaci\u00f3n en audiobranding","lenguaje y comunicaci\u00f3n","Maria Fit\u00f3-Carreras","Maria Fit\u00f3-Carreras branded content","Maria Fit\u00f3-Carreras Departamento de Comunicaci\u00f3n","podcasting","podcasting y branded content universidad","publicidad sonora","publicidad sonora y podcasting"],"articleSection":["General","Noticias","Profesores"],"inLanguage":"es","potentialAction":[{"@type":"CommentAction","name":"Comment","target":["https:\/\/blogs.uao.es\/publicidad-rrpp\/2026\/09\/03\/maria-fito-carreras-comunicacion-ceu-uao\/#respond"]}]},{"@type":"WebPage","@id":"https:\/\/blogs.uao.es\/publicidad-rrpp\/2026\/09\/03\/maria-fito-carreras-comunicacion-ceu-uao\/","url":"https:\/\/blogs.uao.es\/publicidad-rrpp\/2026\/09\/03\/maria-fito-carreras-comunicacion-ceu-uao\/","name":"El departamento de comunicaci\u00f3n incorpora a Maria Fit\u00f3-Carreras para reforzar su apuesta por la investigaci\u00f3n y la docencia - Ci\u00e8ncies de la Comunicaci\u00f3: Publicitat i RR.PP.","isPartOf":{"@id":"https:\/\/blogs.uao.es\/publicidad-rrpp\/#website"},"primaryImageOfPage":{"@id":"https:\/\/blogs.uao.es\/publicidad-rrpp\/2026\/09\/03\/maria-fito-carreras-comunicacion-ceu-uao\/#primaryimage"},"image":{"@id":"https:\/\/blogs.uao.es\/publicidad-rrpp\/2026\/09\/03\/maria-fito-carreras-comunicacion-ceu-uao\/#primaryimage"},"thumbnailUrl":"https:\/\/blogs.uao.es\/publicidad-rrpp\/wp-content\/uploads\/sites\/14\/2026\/09\/maria-fito-carreras-comunicacion-ceu-uao.jpg","datePublished":"2026-09-03T05:17:30+00:00","author":{"@id":"https:\/\/blogs.uao.es\/publicidad-rrpp\/#\/schema\/person\/4dc7a0e1a6a206fcd87a32f77d753253"},"description":"Maria Fit\u00f3-Carreras se incorpora al Departamento de Comunicaci\u00f3n de la CEU UAO para reforzar audio, podcasting, branded content e investigaci\u00f3n.","breadcrumb":{"@id":"https:\/\/blogs.uao.es\/publicidad-rrpp\/2026\/09\/03\/maria-fito-carreras-comunicacion-ceu-uao\/#breadcrumb"},"inLanguage":"es","potentialAction":[{"@type":"ReadAction","target":["https:\/\/blogs.uao.es\/publicidad-rrpp\/2026\/09\/03\/maria-fito-carreras-comunicacion-ceu-uao\/"]}]},{"@type":"ImageObject","inLanguage":"es","@id":"https:\/\/blogs.uao.es\/publicidad-rrpp\/2026\/09\/03\/maria-fito-carreras-comunicacion-ceu-uao\/#primaryimage","url":"https:\/\/blogs.uao.es\/publicidad-rrpp\/wp-content\/uploads\/sites\/14\/2026\/09\/maria-fito-carreras-comunicacion-ceu-uao.jpg","contentUrl":"https:\/\/blogs.uao.es\/publicidad-rrpp\/wp-content\/uploads\/sites\/14\/2026\/09\/maria-fito-carreras-comunicacion-ceu-uao.jpg","width":2000,"height":2000,"caption":"La Dra. Maria Fit\u00f3-Carreras se incorpora a jornada completa al Departamento de Comunicaci\u00f3n de la Universitat Abat Oliba CEU."},{"@type":"BreadcrumbList","@id":"https:\/\/blogs.uao.es\/publicidad-rrpp\/2026\/09\/03\/maria-fito-carreras-comunicacion-ceu-uao\/#breadcrumb","itemListElement":[{"@type":"ListItem","position":1,"name":"Home","item":"https:\/\/blogs.uao.es\/publicidad-rrpp\/"},{"@type":"ListItem","position":2,"name":"El departamento de comunicaci\u00f3n incorpora a Maria Fit\u00f3-Carreras para reforzar su apuesta por la investigaci\u00f3n y la docencia"}]},{"@type":"WebSite","@id":"https:\/\/blogs.uao.es\/publicidad-rrpp\/#website","url":"https:\/\/blogs.uao.es\/publicidad-rrpp\/","name":"Ci\u00e8ncies de la Comunicaci\u00f3: Publicitat i RR.PP.","description":"UAO CEU Blog Community","potentialAction":[{"@type":"SearchAction","target":{"@type":"EntryPoint","urlTemplate":"https:\/\/blogs.uao.es\/publicidad-rrpp\/?s={search_term_string}"},"query-input":{"@type":"PropertyValueSpecification","valueRequired":true,"valueName":"search_term_string"}}],"inLanguage":"es"},{"@type":"Person","@id":"https:\/\/blogs.uao.es\/publicidad-rrpp\/#\/schema\/person\/4dc7a0e1a6a206fcd87a32f77d753253","name":"PublicidadRRPP","image":{"@type":"ImageObject","inLanguage":"es","@id":"https:\/\/blogs.uao.es\/publicidad-rrpp\/wp-content\/uploads\/sites\/14\/2019\/05\/UAO-CEU-logo_120-x-120.png","url":"https:\/\/blogs.uao.es\/publicidad-rrpp\/wp-content\/uploads\/sites\/14\/2019\/05\/UAO-CEU-logo_120-x-120.png","contentUrl":"https:\/\/blogs.uao.es\/publicidad-rrpp\/wp-content\/uploads\/sites\/14\/2019\/05\/UAO-CEU-logo_120-x-120.png","caption":"PublicidadRRPP"},"url":"https:\/\/blogs.uao.es\/publicidad-rrpp\/author\/alfonsofreire\/"}]}},"_links":{"self":[{"href":"https:\/\/blogs.uao.es\/publicidad-rrpp\/wp-json\/wp\/v2\/posts\/1927","targetHints":{"allow":["GET"]}}],"collection":[{"href":"https:\/\/blogs.uao.es\/publicidad-rrpp\/wp-json\/wp\/v2\/posts"}],"about":[{"href":"https:\/\/blogs.uao.es\/publicidad-rrpp\/wp-json\/wp\/v2\/types\/post"}],"author":[{"embeddable":true,"href":"https:\/\/blogs.uao.es\/publicidad-rrpp\/wp-json\/wp\/v2\/users\/47"}],"replies":[{"embeddable":true,"href":"https:\/\/blogs.uao.es\/publicidad-rrpp\/wp-json\/wp\/v2\/comments?post=1927"}],"version-history":[{"count":4,"href":"https:\/\/blogs.uao.es\/publicidad-rrpp\/wp-json\/wp\/v2\/posts\/1927\/revisions"}],"predecessor-version":[{"id":1932,"href":"https:\/\/blogs.uao.es\/publicidad-rrpp\/wp-json\/wp\/v2\/posts\/1927\/revisions\/1932"}],"wp:featuredmedia":[{"embeddable":true,"href":"https:\/\/blogs.uao.es\/publicidad-rrpp\/wp-json\/wp\/v2\/media\/1931"}],"wp:attachment":[{"href":"https:\/\/blogs.uao.es\/publicidad-rrpp\/wp-json\/wp\/v2\/media?parent=1927"}],"wp:term":[{"taxonomy":"category","embeddable":true,"href":"https:\/\/blogs.uao.es\/publicidad-rrpp\/wp-json\/wp\/v2\/categories?post=1927"},{"taxonomy":"post_tag","embeddable":true,"href":"https:\/\/blogs.uao.es\/publicidad-rrpp\/wp-json\/wp\/v2\/tags?post=1927"}],"curies":[{"name":"wp","href":"https:\/\/api.w.org\/{rel}","templated":true}]}}